{"id":1301,"date":"2020-08-25T11:58:01","date_gmt":"2020-08-25T09:58:01","guid":{"rendered":"https:\/\/blog.ki-management.com\/?p=1301"},"modified":"2020-08-25T11:58:01","modified_gmt":"2020-08-25T09:58:01","slug":"unsere-neue-kollegin-meryem-im-interview","status":"publish","type":"post","link":"https:\/\/www.ki-management.com\/en\/1301\/unsere-neue-kollegin-meryem-im-interview\/","title":{"rendered":"[:de]Unsere neue Kollegin Meryem im Interview[:]"},"content":{"rendered":"<p>[:de]<strong>Wer bist du?<br \/>\n<\/strong>Ich bin Betriebswirtin mit gro\u00dfer Leidenschaft f\u00fcr die Psychologie! Menschen in ihrer pers\u00f6nlichen aber auch beruflichen Weiterentwicklung zu unterst\u00fctzen, finde ich unglaublich spannend und vielseitig.<\/p>\n<p><strong>Mit welchem besonderen Talent unterst\u00fctzt du ab jetzt unser Team?<br \/>\n<\/strong>Dem KI.M werde ich durch meine organisatorische und strukturierte Arbeitsweise als auch durch mein bisher erworbenes Fachwissen zugutekommen \u2013 und mit meinen Backk\u00fcnsten.<\/p>\n<p><strong>Verstand, Herz oder Mut \u2013 welcher Baustein der K.IM-Beratung spricht dich am meisten an und warum?<br \/>\n<\/strong>Auf einen Baustein kann ich mich zwar nicht reduzieren, jedoch versuche ich gewisse (auch heikle) Situationen immer mit einem Hauch Rationalit\u00e4t und \u201eVerstand\u201c zu betrachten und einen klaren Kopf zu bewahren. Das \u201eHerz\u201c schl\u00e4gt dann h\u00f6her, wenn ich mit Leidenschaft in meiner Arbeit aufgehen kann.<\/p>\n<p><strong>\u201eTypisch Meryem\u201c \u2013 Mit welcher charmanten Macke ziehen dich deine Kollegen gerne auf?<br \/>\n<\/strong>Mit meiner K\u00f6rpergr\u00f6\u00dfe! Mit meinen feinen 160 cm flitze ich durch das B\u00fcro und bekam schon die ein oder andere Anfrage, als Zollstock-Ersatz f\u00fcr die Messung des Corona-Mindestabstands zu fungieren.<\/p>\n<p><strong>Wie unser Name es erahnen l\u00e4sst und der Blick aus dem B\u00fcro es verr\u00e4t, sind wir K\u00f6lner durch und durch \u2013 wie sieht es mit dir aus? Echter Jeck oder Karnevalsmuffel?<br \/>\n<\/strong>Echte Jeckin durch und durch! Obwohl ich K\u00f6lnerin bin, hat es zwar seine Zeit gebraucht, mich in der 5. Jahreszeit wohl zu f\u00fchlen, aber mittlerweile ist der Karneval nicht mehr aus meinem Kalender zu streichen.<\/p>\n<p><strong>Und jetzt kurz, gut und digital: Beschreibe dich in drei Hashtags!<br \/>\n<\/strong>#empathisch<br \/>\n#tierlieb<br \/>\n#realist[:]<\/p>\n","protected":false},"excerpt":{"rendered":"<p>[:de]Wer bist du? Ich bin Betriebswirtin mit gro\u00dfer Leidenschaft f\u00fcr die Psychologie! Menschen in ihrer pers\u00f6nlichen aber auch beruflichen Weiterentwicklung zu unterst\u00fctzen, finde ich unglaublich spannend und vielseitig. Mit welchem besonderen Talent unterst\u00fctzt du ab jetzt unser Team? Dem KI.M werde ich durch meine organisatorische und strukturierte Arbeitsweise als auch durch mein bisher erworbenes Fachwissen &#8230; <a title=\"[:de]Unsere neue Kollegin Meryem im Interview[:]\" class=\"read-more\" href=\"https:\/\/www.ki-management.com\/en\/1301\/unsere-neue-kollegin-meryem-im-interview\/\" aria-label=\"Read more about [:de]Unsere neue Kollegin Meryem im Interview[:]\">Weiterlesen &#8230;<\/a><\/p>\n","protected":false},"author":2,"featured_media":1302,"comment_status":"open","ping_status":"closed","sticky":false,"template":"","format":"standard","meta":{"inline_featured_image":false,"_uag_custom_page_level_css":"","footnotes":""},"categories":[7,11],"tags":[57,66,128],"class_list":["post-1301","post","type-post","status-publish","format-standard","has-post-thumbnail","hentry","category-intern","category-news","tag-interview","tag-ki-kollegen","tag-willkommen","generate-columns","tablet-grid-50","mobile-grid-100","grid-parent","grid-50"],"yoast_head":"<!-- This site is optimized with the Yoast SEO plugin v27.5 - https:\/\/yoast.com\/product\/yoast-seo-wordpress\/ -->\n<title>[:de]Unsere neue Kollegin Meryem im Interview[:] - K\u00f6lner Institut f\u00fcr Managementberatung<\/title>\n<meta name=\"robots\" content=\"index, follow, max-snippet:-1, max-image-preview:large, max-video-preview:-1\" \/>\n<link rel=\"canonical\" href=\"https:\/\/www.ki-management.com\/en\/1301\/unsere-neue-kollegin-meryem-im-interview\/\" \/>\n<meta property=\"og:locale\" content=\"en_US\" \/>\n<meta property=\"og:type\" content=\"article\" \/>\n<meta property=\"og:title\" content=\"[:de]Unsere neue Kollegin Meryem im Interview[:] - K\u00f6lner Institut f\u00fcr Managementberatung\" \/>\n<meta property=\"og:description\" content=\"[:de]Wer bist du? Ich bin Betriebswirtin mit gro\u00dfer Leidenschaft f\u00fcr die Psychologie! Menschen in ihrer pers\u00f6nlichen aber auch beruflichen Weiterentwicklung zu unterst\u00fctzen, finde ich unglaublich spannend und vielseitig. Mit welchem besonderen Talent unterst\u00fctzt du ab jetzt unser Team? Dem KI.M werde ich durch meine organisatorische und strukturierte Arbeitsweise als auch durch mein bisher erworbenes Fachwissen ... Weiterlesen ...\" \/>\n<meta property=\"og:url\" content=\"https:\/\/www.ki-management.com\/en\/1301\/unsere-neue-kollegin-meryem-im-interview\/\" \/>\n<meta property=\"og:site_name\" content=\"K\u00f6lner Institut f\u00fcr Managementberatung\" \/>\n<meta property=\"article:published_time\" content=\"2020-08-25T09:58:01+00:00\" \/>\n<meta property=\"og:image\" content=\"https:\/\/www.ki-management.com\/wp-content\/uploads\/2020\/08\/1288_Blog-Header_MA-Interview-Meyrem.jpg\" \/>\n\t<meta property=\"og:image:width\" content=\"2400\" \/>\n\t<meta property=\"og:image:height\" content=\"1126\" \/>\n\t<meta property=\"og:image:type\" content=\"image\/jpeg\" \/>\n<meta name=\"author\" content=\"Kim Johannsen\" \/>\n<meta name=\"twitter:card\" content=\"summary_large_image\" \/>\n<meta name=\"twitter:label1\" content=\"Written by\" \/>\n\t<meta name=\"twitter:data1\" content=\"Kim Johannsen\" \/>\n\t<meta name=\"twitter:label2\" content=\"Est. reading time\" \/>\n\t<meta name=\"twitter:data2\" content=\"1 minute\" \/>\n<script type=\"application\/ld+json\" class=\"yoast-schema-graph\">{\"@context\":\"https:\\\/\\\/schema.org\",\"@graph\":[{\"@type\":\"Article\",\"@id\":\"https:\\\/\\\/www.ki-management.com\\\/1301\\\/unsere-neue-kollegin-meryem-im-interview\\\/#article\",\"isPartOf\":{\"@id\":\"https:\\\/\\\/www.ki-management.com\\\/1301\\\/unsere-neue-kollegin-meryem-im-interview\\\/\"},\"author\":{\"name\":\"Kim Johannsen\",\"@id\":\"https:\\\/\\\/www.ki-management.com\\\/#\\\/schema\\\/person\\\/01147fff2b1f7eb8c15ab402c0cb8b1d\"},\"headline\":\"[:de]Unsere neue Kollegin Meryem im Interview[:]\",\"datePublished\":\"2020-08-25T09:58:01+00:00\",\"mainEntityOfPage\":{\"@id\":\"https:\\\/\\\/www.ki-management.com\\\/1301\\\/unsere-neue-kollegin-meryem-im-interview\\\/\"},\"wordCount\":268,\"commentCount\":0,\"publisher\":{\"@id\":\"https:\\\/\\\/www.ki-management.com\\\/#organization\"},\"image\":{\"@id\":\"https:\\\/\\\/www.ki-management.com\\\/1301\\\/unsere-neue-kollegin-meryem-im-interview\\\/#primaryimage\"},\"thumbnailUrl\":\"https:\\\/\\\/www.ki-management.com\\\/wp-content\\\/uploads\\\/2020\\\/08\\\/1288_Blog-Header_MA-Interview-Meyrem.jpg\",\"keywords\":[\"Interview\",\"KI.Kollegen\",\"Willkommen\"],\"articleSection\":[\"intern\",\"news\"],\"inLanguage\":\"en-US\",\"potentialAction\":[{\"@type\":\"CommentAction\",\"name\":\"Comment\",\"target\":[\"https:\\\/\\\/www.ki-management.com\\\/1301\\\/unsere-neue-kollegin-meryem-im-interview\\\/#respond\"]}]},{\"@type\":\"WebPage\",\"@id\":\"https:\\\/\\\/www.ki-management.com\\\/1301\\\/unsere-neue-kollegin-meryem-im-interview\\\/\",\"url\":\"https:\\\/\\\/www.ki-management.com\\\/1301\\\/unsere-neue-kollegin-meryem-im-interview\\\/\",\"name\":\"[:de]Unsere neue Kollegin Meryem im Interview[:] - K\u00f6lner Institut f\u00fcr Managementberatung\",\"isPartOf\":{\"@id\":\"https:\\\/\\\/www.ki-management.com\\\/#website\"},\"primaryImageOfPage\":{\"@id\":\"https:\\\/\\\/www.ki-management.com\\\/1301\\\/unsere-neue-kollegin-meryem-im-interview\\\/#primaryimage\"},\"image\":{\"@id\":\"https:\\\/\\\/www.ki-management.com\\\/1301\\\/unsere-neue-kollegin-meryem-im-interview\\\/#primaryimage\"},\"thumbnailUrl\":\"https:\\\/\\\/www.ki-management.com\\\/wp-content\\\/uploads\\\/2020\\\/08\\\/1288_Blog-Header_MA-Interview-Meyrem.jpg\",\"datePublished\":\"2020-08-25T09:58:01+00:00\",\"breadcrumb\":{\"@id\":\"https:\\\/\\\/www.ki-management.com\\\/1301\\\/unsere-neue-kollegin-meryem-im-interview\\\/#breadcrumb\"},\"inLanguage\":\"en-US\",\"potentialAction\":[{\"@type\":\"ReadAction\",\"target\":[\"https:\\\/\\\/www.ki-management.com\\\/1301\\\/unsere-neue-kollegin-meryem-im-interview\\\/\"]}]},{\"@type\":\"ImageObject\",\"inLanguage\":\"en-US\",\"@id\":\"https:\\\/\\\/www.ki-management.com\\\/1301\\\/unsere-neue-kollegin-meryem-im-interview\\\/#primaryimage\",\"url\":\"https:\\\/\\\/www.ki-management.com\\\/wp-content\\\/uploads\\\/2020\\\/08\\\/1288_Blog-Header_MA-Interview-Meyrem.jpg\",\"contentUrl\":\"https:\\\/\\\/www.ki-management.com\\\/wp-content\\\/uploads\\\/2020\\\/08\\\/1288_Blog-Header_MA-Interview-Meyrem.jpg\",\"width\":2400,\"height\":1126},{\"@type\":\"BreadcrumbList\",\"@id\":\"https:\\\/\\\/www.ki-management.com\\\/1301\\\/unsere-neue-kollegin-meryem-im-interview\\\/#breadcrumb\",\"itemListElement\":[{\"@type\":\"ListItem\",\"position\":1,\"name\":\"Startseite\",\"item\":\"https:\\\/\\\/www.ki-management.com\\\/\"},{\"@type\":\"ListItem\",\"position\":2,\"name\":\"[:de]Unsere neue Kollegin Meryem im Interview[:]\"}]},{\"@type\":\"WebSite\",\"@id\":\"https:\\\/\\\/www.ki-management.com\\\/#website\",\"url\":\"https:\\\/\\\/www.ki-management.com\\\/\",\"name\":\"K\u00f6lner Institut f\u00fcr Managementberatung\",\"description\":\"\",\"publisher\":{\"@id\":\"https:\\\/\\\/www.ki-management.com\\\/#organization\"},\"potentialAction\":[{\"@type\":\"SearchAction\",\"target\":{\"@type\":\"EntryPoint\",\"urlTemplate\":\"https:\\\/\\\/www.ki-management.com\\\/?s={search_term_string}\"},\"query-input\":{\"@type\":\"PropertyValueSpecification\",\"valueRequired\":true,\"valueName\":\"search_term_string\"}}],\"inLanguage\":\"en-US\"},{\"@type\":\"Organization\",\"@id\":\"https:\\\/\\\/www.ki-management.com\\\/#organization\",\"name\":\"K\u00f6lner Institut f\u00fcr Managementberatung\",\"url\":\"https:\\\/\\\/www.ki-management.com\\\/\",\"logo\":{\"@type\":\"ImageObject\",\"inLanguage\":\"en-US\",\"@id\":\"https:\\\/\\\/www.ki-management.com\\\/#\\\/schema\\\/logo\\\/image\\\/\",\"url\":\"https:\\\/\\\/www.ki-management.com\\\/wp-content\\\/uploads\\\/2025\\\/05\\\/K.I.M_Logo_pos.svg\",\"contentUrl\":\"https:\\\/\\\/www.ki-management.com\\\/wp-content\\\/uploads\\\/2025\\\/05\\\/K.I.M_Logo_pos.svg\",\"width\":100,\"height\":100,\"caption\":\"K\u00f6lner Institut f\u00fcr Managementberatung\"},\"image\":{\"@id\":\"https:\\\/\\\/www.ki-management.com\\\/#\\\/schema\\\/logo\\\/image\\\/\"}},{\"@type\":\"Person\",\"@id\":\"https:\\\/\\\/www.ki-management.com\\\/#\\\/schema\\\/person\\\/01147fff2b1f7eb8c15ab402c0cb8b1d\",\"name\":\"Kim Johannsen\",\"description\":\"E-Mail: kim.johannsen@moveup.de Telefon: +49 123 456789\",\"url\":\"https:\\\/\\\/www.ki-management.com\\\/en\\\/author\\\/k-johannsen\\\/\"}]}<\/script>\n<!-- \/ Yoast SEO plugin. -->","yoast_head_json":{"title":"[:de]Unsere neue Kollegin Meryem im Interview[:] - K\u00f6lner Institut f\u00fcr Managementberatung","robots":{"index":"index","follow":"follow","max-snippet":"max-snippet:-1","max-image-preview":"max-image-preview:large","max-video-preview":"max-video-preview:-1"},"canonical":"https:\/\/www.ki-management.com\/en\/1301\/unsere-neue-kollegin-meryem-im-interview\/","og_locale":"en_US","og_type":"article","og_title":"[:de]Unsere neue Kollegin Meryem im Interview[:] - K\u00f6lner Institut f\u00fcr Managementberatung","og_description":"[:de]Wer bist du? Ich bin Betriebswirtin mit gro\u00dfer Leidenschaft f\u00fcr die Psychologie! Menschen in ihrer pers\u00f6nlichen aber auch beruflichen Weiterentwicklung zu unterst\u00fctzen, finde ich unglaublich spannend und vielseitig. Mit welchem besonderen Talent unterst\u00fctzt du ab jetzt unser Team? Dem KI.M werde ich durch meine organisatorische und strukturierte Arbeitsweise als auch durch mein bisher erworbenes Fachwissen ... Weiterlesen ...","og_url":"https:\/\/www.ki-management.com\/en\/1301\/unsere-neue-kollegin-meryem-im-interview\/","og_site_name":"K\u00f6lner Institut f\u00fcr Managementberatung","article_published_time":"2020-08-25T09:58:01+00:00","og_image":[{"width":2400,"height":1126,"url":"https:\/\/www.ki-management.com\/wp-content\/uploads\/2020\/08\/1288_Blog-Header_MA-Interview-Meyrem.jpg","type":"image\/jpeg"}],"author":"Kim Johannsen","twitter_card":"summary_large_image","twitter_misc":{"Written by":"Kim Johannsen","Est. reading time":"1 minute"},"schema":{"@context":"https:\/\/schema.org","@graph":[{"@type":"Article","@id":"https:\/\/www.ki-management.com\/1301\/unsere-neue-kollegin-meryem-im-interview\/#article","isPartOf":{"@id":"https:\/\/www.ki-management.com\/1301\/unsere-neue-kollegin-meryem-im-interview\/"},"author":{"name":"Kim Johannsen","@id":"https:\/\/www.ki-management.com\/#\/schema\/person\/01147fff2b1f7eb8c15ab402c0cb8b1d"},"headline":"[:de]Unsere neue Kollegin Meryem im Interview[:]","datePublished":"2020-08-25T09:58:01+00:00","mainEntityOfPage":{"@id":"https:\/\/www.ki-management.com\/1301\/unsere-neue-kollegin-meryem-im-interview\/"},"wordCount":268,"commentCount":0,"publisher":{"@id":"https:\/\/www.ki-management.com\/#organization"},"image":{"@id":"https:\/\/www.ki-management.com\/1301\/unsere-neue-kollegin-meryem-im-interview\/#primaryimage"},"thumbnailUrl":"https:\/\/www.ki-management.com\/wp-content\/uploads\/2020\/08\/1288_Blog-Header_MA-Interview-Meyrem.jpg","keywords":["Interview","KI.Kollegen","Willkommen"],"articleSection":["intern","news"],"inLanguage":"en-US","potentialAction":[{"@type":"CommentAction","name":"Comment","target":["https:\/\/www.ki-management.com\/1301\/unsere-neue-kollegin-meryem-im-interview\/#respond"]}]},{"@type":"WebPage","@id":"https:\/\/www.ki-management.com\/1301\/unsere-neue-kollegin-meryem-im-interview\/","url":"https:\/\/www.ki-management.com\/1301\/unsere-neue-kollegin-meryem-im-interview\/","name":"[:de]Unsere neue Kollegin Meryem im Interview[:] - K\u00f6lner Institut f\u00fcr Managementberatung","isPartOf":{"@id":"https:\/\/www.ki-management.com\/#website"},"primaryImageOfPage":{"@id":"https:\/\/www.ki-management.com\/1301\/unsere-neue-kollegin-meryem-im-interview\/#primaryimage"},"image":{"@id":"https:\/\/www.ki-management.com\/1301\/unsere-neue-kollegin-meryem-im-interview\/#primaryimage"},"thumbnailUrl":"https:\/\/www.ki-management.com\/wp-content\/uploads\/2020\/08\/1288_Blog-Header_MA-Interview-Meyrem.jpg","datePublished":"2020-08-25T09:58:01+00:00","breadcrumb":{"@id":"https:\/\/www.ki-management.com\/1301\/unsere-neue-kollegin-meryem-im-interview\/#breadcrumb"},"inLanguage":"en-US","potentialAction":[{"@type":"ReadAction","target":["https:\/\/www.ki-management.com\/1301\/unsere-neue-kollegin-meryem-im-interview\/"]}]},{"@type":"ImageObject","inLanguage":"en-US","@id":"https:\/\/www.ki-management.com\/1301\/unsere-neue-kollegin-meryem-im-interview\/#primaryimage","url":"https:\/\/www.ki-management.com\/wp-content\/uploads\/2020\/08\/1288_Blog-Header_MA-Interview-Meyrem.jpg","contentUrl":"https:\/\/www.ki-management.com\/wp-content\/uploads\/2020\/08\/1288_Blog-Header_MA-Interview-Meyrem.jpg","width":2400,"height":1126},{"@type":"BreadcrumbList","@id":"https:\/\/www.ki-management.com\/1301\/unsere-neue-kollegin-meryem-im-interview\/#breadcrumb","itemListElement":[{"@type":"ListItem","position":1,"name":"Startseite","item":"https:\/\/www.ki-management.com\/"},{"@type":"ListItem","position":2,"name":"[:de]Unsere neue Kollegin Meryem im Interview[:]"}]},{"@type":"WebSite","@id":"https:\/\/www.ki-management.com\/#website","url":"https:\/\/www.ki-management.com\/","name":"Cologne Institute for Management Consulting","description":"","publisher":{"@id":"https:\/\/www.ki-management.com\/#organization"},"potentialAction":[{"@type":"SearchAction","target":{"@type":"EntryPoint","urlTemplate":"https:\/\/www.ki-management.com\/?s={search_term_string}"},"query-input":{"@type":"PropertyValueSpecification","valueRequired":true,"valueName":"search_term_string"}}],"inLanguage":"en-US"},{"@type":"Organization","@id":"https:\/\/www.ki-management.com\/#organization","name":"Cologne Institute for Management Consulting","url":"https:\/\/www.ki-management.com\/","logo":{"@type":"ImageObject","inLanguage":"en-US","@id":"https:\/\/www.ki-management.com\/#\/schema\/logo\/image\/","url":"https:\/\/www.ki-management.com\/wp-content\/uploads\/2025\/05\/K.I.M_Logo_pos.svg","contentUrl":"https:\/\/www.ki-management.com\/wp-content\/uploads\/2025\/05\/K.I.M_Logo_pos.svg","width":100,"height":100,"caption":"K\u00f6lner Institut f\u00fcr Managementberatung"},"image":{"@id":"https:\/\/www.ki-management.com\/#\/schema\/logo\/image\/"}},{"@type":"Person","@id":"https:\/\/www.ki-management.com\/#\/schema\/person\/01147fff2b1f7eb8c15ab402c0cb8b1d","name":"Kim Johannsen","description":"E-Mail: kim.johannsen@moveup.de Telefon: +49 123 456789","url":"https:\/\/www.ki-management.com\/en\/author\/k-johannsen\/"}]}},"spectra_custom_meta":{"wp_statistics_words_count":["232"],"_thumbnail_id":["1302"],"_yoast_wpseo_content_score":["90"],"_yoast_wpseo_primary_category":["1"],"_wp_old_date":["2020-08-06"],"_yoast_wpseo_estimated-reading-time-minutes":[""],"_uag_css_file_name":["uag-css-1301.css"]},"uagb_featured_image_src":{"full":["https:\/\/www.ki-management.com\/wp-content\/uploads\/2020\/08\/1288_Blog-Header_MA-Interview-Meyrem.jpg",2400,1126,false],"thumbnail":["https:\/\/www.ki-management.com\/wp-content\/uploads\/2020\/08\/1288_Blog-Header_MA-Interview-Meyrem-150x150.jpg",150,150,true],"medium":["https:\/\/www.ki-management.com\/wp-content\/uploads\/2020\/08\/1288_Blog-Header_MA-Interview-Meyrem-300x141.jpg",300,141,true],"medium_large":["https:\/\/www.ki-management.com\/wp-content\/uploads\/2020\/08\/1288_Blog-Header_MA-Interview-Meyrem-768x360.jpg",768,360,true],"large":["https:\/\/www.ki-management.com\/wp-content\/uploads\/2020\/08\/1288_Blog-Header_MA-Interview-Meyrem-1024x480.jpg",1024,480,true],"1536x1536":["https:\/\/www.ki-management.com\/wp-content\/uploads\/2020\/08\/1288_Blog-Header_MA-Interview-Meyrem-1536x721.jpg",1536,721,true],"2048x2048":["https:\/\/www.ki-management.com\/wp-content\/uploads\/2020\/08\/1288_Blog-Header_MA-Interview-Meyrem-2048x961.jpg",2048,961,true],"trp-custom-language-flag":["https:\/\/www.ki-management.com\/wp-content\/uploads\/2020\/08\/1288_Blog-Header_MA-Interview-Meyrem.jpg",18,8,false],"3-2-Thumb":["https:\/\/www.ki-management.com\/wp-content\/uploads\/2020\/08\/1288_Blog-Header_MA-Interview-Meyrem-640x480.jpg",640,480,true],"SquareThumb":["https:\/\/www.ki-management.com\/wp-content\/uploads\/2020\/08\/1288_Blog-Header_MA-Interview-Meyrem-960x960.jpg",960,960,true],"16-9-Thumb":["https:\/\/www.ki-management.com\/wp-content\/uploads\/2020\/08\/1288_Blog-Header_MA-Interview-Meyrem-960x540.jpg",960,540,true],"SquareBig":["https:\/\/www.ki-management.com\/wp-content\/uploads\/2020\/08\/1288_Blog-Header_MA-Interview-Meyrem-1920x1126.jpg",1920,1126,true],"16-9-Big":["https:\/\/www.ki-management.com\/wp-content\/uploads\/2020\/08\/1288_Blog-Header_MA-Interview-Meyrem-1980x1080.jpg",1980,1080,true]},"uagb_author_info":{"display_name":"Kim Johannsen","author_link":"https:\/\/www.ki-management.com\/en\/author\/k-johannsen\/"},"uagb_comment_info":0,"uagb_excerpt":"[:de]Wer bist du? Ich bin Betriebswirtin mit gro\u00dfer Leidenschaft f\u00fcr die Psychologie! Menschen in ihrer pers\u00f6nlichen aber auch beruflichen Weiterentwicklung zu unterst\u00fctzen, finde ich unglaublich spannend und vielseitig. Mit welchem besonderen Talent unterst\u00fctzt du ab jetzt unser Team? Dem KI.M werde ich durch meine organisatorische und strukturierte Arbeitsweise als auch durch mein bisher erworbenes Fachwissen&hellip;","_links":{"self":[{"href":"https:\/\/www.ki-management.com\/en\/wp-json\/wp\/v2\/posts\/1301","targetHints":{"allow":["GET"]}}],"collection":[{"href":"https:\/\/www.ki-management.com\/en\/wp-json\/wp\/v2\/posts"}],"about":[{"href":"https:\/\/www.ki-management.com\/en\/wp-json\/wp\/v2\/types\/post"}],"author":[{"embeddable":true,"href":"https:\/\/www.ki-management.com\/en\/wp-json\/wp\/v2\/users\/2"}],"replies":[{"embeddable":true,"href":"https:\/\/www.ki-management.com\/en\/wp-json\/wp\/v2\/comments?post=1301"}],"version-history":[{"count":0,"href":"https:\/\/www.ki-management.com\/en\/wp-json\/wp\/v2\/posts\/1301\/revisions"}],"wp:featuredmedia":[{"embeddable":true,"href":"https:\/\/www.ki-management.com\/en\/wp-json\/wp\/v2\/media\/1302"}],"wp:attachment":[{"href":"https:\/\/www.ki-management.com\/en\/wp-json\/wp\/v2\/media?parent=1301"}],"wp:term":[{"taxonomy":"category","embeddable":true,"href":"https:\/\/www.ki-management.com\/en\/wp-json\/wp\/v2\/categories?post=1301"},{"taxonomy":"post_tag","embeddable":true,"href":"https:\/\/www.ki-management.com\/en\/wp-json\/wp\/v2\/tags?post=1301"}],"curies":[{"name":"wp","href":"https:\/\/api.w.org\/{rel}","templated":true}]}}