{"id":1409,"date":"2020-10-14T10:30:39","date_gmt":"2020-10-14T08:30:39","guid":{"rendered":"https:\/\/blog.ki-management.com\/?p=1409"},"modified":"2020-10-14T10:30:39","modified_gmt":"2020-10-14T08:30:39","slug":"neuer-podcast","status":"publish","type":"post","link":"https:\/\/www.ki-management.com\/en\/1409\/neuer-podcast\/","title":{"rendered":"[:de]Der neue KI.M Podcast &#8222;Frag de(i)n Prof.&#8220;[:]"},"content":{"rendered":"<p>[:de]<strong>Podcast-App ge\u00f6ffnet und Bluetooth-Box an: ab sofort gibt es vom KI.M was auf die Ohren!<\/strong><\/p>\n<p><a href=\"https:\/\/frag-de-i-n-prof.letscast.fm\/\"><img loading=\"lazy\" decoding=\"async\" class=\"alignleft size-medium wp-image-1416\" src=\"https:\/\/blog.ki-management.com\/wp-content\/uploads\/2020\/10\/Titelbild-Podcast-Frag-dein-Prof-300x300.jpg\" alt=\"\" width=\"300\" height=\"300\" srcset=\"https:\/\/www.ki-management.com\/wp-content\/uploads\/2020\/10\/Titelbild-Podcast-Frag-dein-Prof-300x300.jpg 300w, https:\/\/www.ki-management.com\/wp-content\/uploads\/2020\/10\/Titelbild-Podcast-Frag-dein-Prof-1024x1024.jpg 1024w, https:\/\/www.ki-management.com\/wp-content\/uploads\/2020\/10\/Titelbild-Podcast-Frag-dein-Prof-150x150.jpg 150w, https:\/\/www.ki-management.com\/wp-content\/uploads\/2020\/10\/Titelbild-Podcast-Frag-dein-Prof-768x768.jpg 768w, https:\/\/www.ki-management.com\/wp-content\/uploads\/2020\/10\/Titelbild-Podcast-Frag-dein-Prof-960x960.jpg 960w, https:\/\/www.ki-management.com\/wp-content\/uploads\/2020\/10\/Titelbild-Podcast-Frag-dein-Prof.jpg 1500w\" sizes=\"auto, (max-width: 300px) 100vw, 300px\" \/><\/a>In unserem neuen Podcast \u201eFrag de(i)n Prof.\u201c beantwortet unser Gesch\u00e4ftsf\u00fchrer Christian Dries nicht nur seinen Studierenden und Absolventinnen und Absolventen (Frag DEINEN Prof.), sondern allen interessierten H\u00f6rerinnen und H\u00f6rern (Frag DEN Prof.) Fragen rund um berufliche Themen wie beispielsweise den Jobeinstieg, Herausforderungen im Arbeitsalltag oder auch die Ver\u00e4nderungen in der Arbeitswelt.<br \/>\nAls Hochschulprofessor der Hochschule Fresenius in K\u00f6ln und Gesch\u00e4ftsf\u00fchrer des KI.Ms vereint er wissenschaftliche und praktische Sicht und bleibt im Podcast-Format die Konstante \u2013 stellvertretend f\u00fcr alle H\u00f6rerinnen und H\u00f6rer wird er von immer wechselnden Studierenden interviewt.<\/p>\n<p>Unsere erste Folge ist bereits online! Ihr k\u00f6nnt diese auf den g\u00e4ngigen Podcast-Plattformen streamen, auf unserer Podcast-Seite <a href=\"https:\/\/frag-de-i-n-prof.letscast.fm\/\">frag-de-i-n-prof.letscast.fm<\/a> oder gleich hier auf dem Blog anh\u00f6ren. In Episode 1 geht es um den Berufseinstieg in Krisenzeiten. Christian teilt seine Einsch\u00e4tzung zur Ver\u00e4nderung der Situation am Arbeitsmarkt durch die Corona-Krise und gibt hilfreiche Tipps f\u00fcr Euren Jobeinstieg. H\u00f6rt direkt rein!<\/p>\n<p>Und ebenso wichtig: stellt dem Prof. Eure Fragen! Das Format lebt von Fragen unserer Zuh\u00f6rerinnen und Zuh\u00f6rer. Was wolltest Du im Kontext Beruf schon immer einmal wissen? Abschluss in der Tasche, aber wie geht es jetzt weiter? Wie l\u00e4uft eigentlich ein Online-AC oder Video-Interview ab? Wie gestalten sich die ersten Tage im neuen Job? Auf diese und weitere Fragen gibt Christian gern eine Antwort!<\/p>\n<p>Wir freuen uns auf Eure Fragen \u2013 ganz einfach \u00fcber Facebook oder LinkedIn Messenger oder auch direkt hier als Kommentar. In einer der n\u00e4chsten Folgen greifen wir Eure Themen dann auf.<\/p>\n<p>Bleibt neugierig!<\/p>\n<div><script id=\"letscast-player-834e252b\" src=\"https:\/\/letscast.fm\/podcasts\/frag-de-i-n-prof-der-podcast-f1618969\/player.js?size=l\"><\/script><\/div>\n<div><\/div>\n<p>[:]<\/p>\n","protected":false},"excerpt":{"rendered":"<p>[:de]Podcast-App ge\u00f6ffnet und Bluetooth-Box an: ab sofort gibt es vom KI.M was auf die Ohren! In unserem neuen Podcast \u201eFrag de(i)n Prof.\u201c beantwortet unser Gesch\u00e4ftsf\u00fchrer Christian Dries nicht nur seinen Studierenden und Absolventinnen und Absolventen (Frag DEINEN Prof.), sondern allen interessierten H\u00f6rerinnen und H\u00f6rern (Frag DEN Prof.) Fragen rund um berufliche Themen wie beispielsweise den &#8230; <a title=\"[:de]Der neue KI.M Podcast &#8222;Frag de(i)n Prof.&#8220;[:]\" class=\"read-more\" href=\"https:\/\/www.ki-management.com\/en\/1409\/neuer-podcast\/\" aria-label=\"Read more about [:de]Der neue KI.M Podcast &#8222;Frag de(i)n Prof.&#8220;[:]\">Weiterlesen &#8230;<\/a><\/p>\n","protected":false},"author":2,"featured_media":1413,"comment_status":"open","ping_status":"closed","sticky":false,"template":"","format":"standard","meta":{"inline_featured_image":false,"_uag_custom_page_level_css":"","footnotes":""},"categories":[11],"tags":[15,16,21,30,46,59,94],"class_list":["post-1409","post","type-post","status-publish","format-standard","has-post-thumbnail","hentry","category-news","tag-absolventen","tag-absolventinnen","tag-arbeitswelt","tag-beruf","tag-fragen","tag-jobeinstieg","tag-podcast","generate-columns","tablet-grid-50","mobile-grid-100","grid-parent","grid-50"],"yoast_head":"<!-- This site is optimized with the Yoast SEO plugin v27.5 - https:\/\/yoast.com\/product\/yoast-seo-wordpress\/ -->\n<title>[:de]Der neue KI.M Podcast &quot;Frag de(i)n Prof.&quot;[:] - K\u00f6lner Institut f\u00fcr Managementberatung<\/title>\n<meta name=\"description\" content=\"{:de}In unserem neuen Podcast &quot;Frag de(i)n Prof.&quot; beantwortet Christian Eure Fragen rund um das Thema Beruf. H\u00f6rt direkt rein!{:}\" \/>\n<meta name=\"robots\" content=\"index, follow, max-snippet:-1, max-image-preview:large, max-video-preview:-1\" \/>\n<link rel=\"canonical\" href=\"https:\/\/www.ki-management.com\/en\/1409\/neuer-podcast\/\" \/>\n<meta property=\"og:locale\" content=\"en_US\" \/>\n<meta property=\"og:type\" content=\"article\" \/>\n<meta property=\"og:title\" content=\"[:de]Der neue KI.M Podcast &quot;Frag de(i)n Prof.&quot;[:] - K\u00f6lner Institut f\u00fcr Managementberatung\" \/>\n<meta property=\"og:description\" content=\"{:de}In unserem neuen Podcast &quot;Frag de(i)n Prof.&quot; beantwortet Christian Eure Fragen rund um das Thema Beruf. H\u00f6rt direkt rein!{:}\" \/>\n<meta property=\"og:url\" content=\"https:\/\/www.ki-management.com\/en\/1409\/neuer-podcast\/\" \/>\n<meta property=\"og:site_name\" content=\"K\u00f6lner Institut f\u00fcr Managementberatung\" \/>\n<meta property=\"article:published_time\" content=\"2020-10-14T08:30:39+00:00\" \/>\n<meta property=\"og:image\" content=\"https:\/\/www.ki-management.com\/wp-content\/uploads\/2020\/10\/Podcast.jpg\" \/>\n\t<meta property=\"og:image:width\" content=\"1887\" \/>\n\t<meta property=\"og:image:height\" content=\"959\" \/>\n\t<meta property=\"og:image:type\" content=\"image\/jpeg\" \/>\n<meta name=\"author\" content=\"Kim Johannsen\" \/>\n<meta name=\"twitter:card\" content=\"summary_large_image\" \/>\n<meta name=\"twitter:label1\" content=\"Written by\" \/>\n\t<meta name=\"twitter:data1\" content=\"Kim Johannsen\" \/>\n\t<meta name=\"twitter:label2\" content=\"Est. reading time\" \/>\n\t<meta name=\"twitter:data2\" content=\"1 minute\" \/>\n<script type=\"application\/ld+json\" class=\"yoast-schema-graph\">{\"@context\":\"https:\\\/\\\/schema.org\",\"@graph\":[{\"@type\":\"Article\",\"@id\":\"https:\\\/\\\/www.ki-management.com\\\/1409\\\/neuer-podcast\\\/#article\",\"isPartOf\":{\"@id\":\"https:\\\/\\\/www.ki-management.com\\\/1409\\\/neuer-podcast\\\/\"},\"author\":{\"name\":\"Kim Johannsen\",\"@id\":\"https:\\\/\\\/www.ki-management.com\\\/#\\\/schema\\\/person\\\/01147fff2b1f7eb8c15ab402c0cb8b1d\"},\"headline\":\"[:de]Der neue KI.M Podcast &#8222;Frag de(i)n Prof.&#8220;[:]\",\"datePublished\":\"2020-10-14T08:30:39+00:00\",\"mainEntityOfPage\":{\"@id\":\"https:\\\/\\\/www.ki-management.com\\\/1409\\\/neuer-podcast\\\/\"},\"wordCount\":296,\"commentCount\":0,\"publisher\":{\"@id\":\"https:\\\/\\\/www.ki-management.com\\\/#organization\"},\"image\":{\"@id\":\"https:\\\/\\\/www.ki-management.com\\\/1409\\\/neuer-podcast\\\/#primaryimage\"},\"thumbnailUrl\":\"https:\\\/\\\/www.ki-management.com\\\/wp-content\\\/uploads\\\/2020\\\/10\\\/Podcast.jpg\",\"keywords\":[\"Absolventen\",\"Absolventinnen\",\"Arbeitswelt\",\"Beruf\",\"Fragen\",\"Jobeinstieg\",\"Podcast\"],\"articleSection\":[\"news\"],\"inLanguage\":\"en-US\",\"potentialAction\":[{\"@type\":\"CommentAction\",\"name\":\"Comment\",\"target\":[\"https:\\\/\\\/www.ki-management.com\\\/1409\\\/neuer-podcast\\\/#respond\"]}]},{\"@type\":\"WebPage\",\"@id\":\"https:\\\/\\\/www.ki-management.com\\\/1409\\\/neuer-podcast\\\/\",\"url\":\"https:\\\/\\\/www.ki-management.com\\\/1409\\\/neuer-podcast\\\/\",\"name\":\"[:de]Der neue KI.M Podcast \\\"Frag de(i)n Prof.\\\"[:] - K\u00f6lner Institut f\u00fcr Managementberatung\",\"isPartOf\":{\"@id\":\"https:\\\/\\\/www.ki-management.com\\\/#website\"},\"primaryImageOfPage\":{\"@id\":\"https:\\\/\\\/www.ki-management.com\\\/1409\\\/neuer-podcast\\\/#primaryimage\"},\"image\":{\"@id\":\"https:\\\/\\\/www.ki-management.com\\\/1409\\\/neuer-podcast\\\/#primaryimage\"},\"thumbnailUrl\":\"https:\\\/\\\/www.ki-management.com\\\/wp-content\\\/uploads\\\/2020\\\/10\\\/Podcast.jpg\",\"datePublished\":\"2020-10-14T08:30:39+00:00\",\"description\":\"{:de}In unserem neuen Podcast \\\"Frag de(i)n Prof.\\\" beantwortet Christian Eure Fragen rund um das Thema Beruf. H\u00f6rt direkt rein!{:}\",\"breadcrumb\":{\"@id\":\"https:\\\/\\\/www.ki-management.com\\\/1409\\\/neuer-podcast\\\/#breadcrumb\"},\"inLanguage\":\"en-US\",\"potentialAction\":[{\"@type\":\"ReadAction\",\"target\":[\"https:\\\/\\\/www.ki-management.com\\\/1409\\\/neuer-podcast\\\/\"]}]},{\"@type\":\"ImageObject\",\"inLanguage\":\"en-US\",\"@id\":\"https:\\\/\\\/www.ki-management.com\\\/1409\\\/neuer-podcast\\\/#primaryimage\",\"url\":\"https:\\\/\\\/www.ki-management.com\\\/wp-content\\\/uploads\\\/2020\\\/10\\\/Podcast.jpg\",\"contentUrl\":\"https:\\\/\\\/www.ki-management.com\\\/wp-content\\\/uploads\\\/2020\\\/10\\\/Podcast.jpg\",\"width\":1887,\"height\":959},{\"@type\":\"BreadcrumbList\",\"@id\":\"https:\\\/\\\/www.ki-management.com\\\/1409\\\/neuer-podcast\\\/#breadcrumb\",\"itemListElement\":[{\"@type\":\"ListItem\",\"position\":1,\"name\":\"Startseite\",\"item\":\"https:\\\/\\\/www.ki-management.com\\\/\"},{\"@type\":\"ListItem\",\"position\":2,\"name\":\"[:de]Der neue KI.M Podcast &#8220;Frag de(i)n Prof.&#8221;[:]\"}]},{\"@type\":\"WebSite\",\"@id\":\"https:\\\/\\\/www.ki-management.com\\\/#website\",\"url\":\"https:\\\/\\\/www.ki-management.com\\\/\",\"name\":\"K\u00f6lner Institut f\u00fcr Managementberatung\",\"description\":\"\",\"publisher\":{\"@id\":\"https:\\\/\\\/www.ki-management.com\\\/#organization\"},\"potentialAction\":[{\"@type\":\"SearchAction\",\"target\":{\"@type\":\"EntryPoint\",\"urlTemplate\":\"https:\\\/\\\/www.ki-management.com\\\/?s={search_term_string}\"},\"query-input\":{\"@type\":\"PropertyValueSpecification\",\"valueRequired\":true,\"valueName\":\"search_term_string\"}}],\"inLanguage\":\"en-US\"},{\"@type\":\"Organization\",\"@id\":\"https:\\\/\\\/www.ki-management.com\\\/#organization\",\"name\":\"K\u00f6lner Institut f\u00fcr Managementberatung\",\"url\":\"https:\\\/\\\/www.ki-management.com\\\/\",\"logo\":{\"@type\":\"ImageObject\",\"inLanguage\":\"en-US\",\"@id\":\"https:\\\/\\\/www.ki-management.com\\\/#\\\/schema\\\/logo\\\/image\\\/\",\"url\":\"https:\\\/\\\/www.ki-management.com\\\/wp-content\\\/uploads\\\/2025\\\/05\\\/K.I.M_Logo_pos.svg\",\"contentUrl\":\"https:\\\/\\\/www.ki-management.com\\\/wp-content\\\/uploads\\\/2025\\\/05\\\/K.I.M_Logo_pos.svg\",\"width\":100,\"height\":100,\"caption\":\"K\u00f6lner Institut f\u00fcr Managementberatung\"},\"image\":{\"@id\":\"https:\\\/\\\/www.ki-management.com\\\/#\\\/schema\\\/logo\\\/image\\\/\"}},{\"@type\":\"Person\",\"@id\":\"https:\\\/\\\/www.ki-management.com\\\/#\\\/schema\\\/person\\\/01147fff2b1f7eb8c15ab402c0cb8b1d\",\"name\":\"Kim Johannsen\",\"description\":\"E-Mail: kim.johannsen@moveup.de Telefon: +49 123 456789\",\"url\":\"https:\\\/\\\/www.ki-management.com\\\/en\\\/author\\\/k-johannsen\\\/\"}]}<\/script>\n<!-- \/ Yoast SEO plugin. -->","yoast_head_json":{"title":"[:de]Der neue KI.M Podcast \"Frag de(i)n Prof.\"[:] - K\u00f6lner Institut f\u00fcr Managementberatung","description":"{:de}In unserem neuen Podcast \"Frag de(i)n Prof.\" beantwortet Christian Eure Fragen rund um das Thema Beruf. H\u00f6rt direkt rein!{:}","robots":{"index":"index","follow":"follow","max-snippet":"max-snippet:-1","max-image-preview":"max-image-preview:large","max-video-preview":"max-video-preview:-1"},"canonical":"https:\/\/www.ki-management.com\/en\/1409\/neuer-podcast\/","og_locale":"en_US","og_type":"article","og_title":"[:de]Der neue KI.M Podcast \"Frag de(i)n Prof.\"[:] - K\u00f6lner Institut f\u00fcr Managementberatung","og_description":"{:de}In unserem neuen Podcast \"Frag de(i)n Prof.\" beantwortet Christian Eure Fragen rund um das Thema Beruf. H\u00f6rt direkt rein!{:}","og_url":"https:\/\/www.ki-management.com\/en\/1409\/neuer-podcast\/","og_site_name":"K\u00f6lner Institut f\u00fcr Managementberatung","article_published_time":"2020-10-14T08:30:39+00:00","og_image":[{"width":1887,"height":959,"url":"https:\/\/www.ki-management.com\/wp-content\/uploads\/2020\/10\/Podcast.jpg","type":"image\/jpeg"}],"author":"Kim Johannsen","twitter_card":"summary_large_image","twitter_misc":{"Written by":"Kim Johannsen","Est. reading time":"1 minute"},"schema":{"@context":"https:\/\/schema.org","@graph":[{"@type":"Article","@id":"https:\/\/www.ki-management.com\/1409\/neuer-podcast\/#article","isPartOf":{"@id":"https:\/\/www.ki-management.com\/1409\/neuer-podcast\/"},"author":{"name":"Kim Johannsen","@id":"https:\/\/www.ki-management.com\/#\/schema\/person\/01147fff2b1f7eb8c15ab402c0cb8b1d"},"headline":"[:de]Der neue KI.M Podcast &#8222;Frag de(i)n Prof.&#8220;[:]","datePublished":"2020-10-14T08:30:39+00:00","mainEntityOfPage":{"@id":"https:\/\/www.ki-management.com\/1409\/neuer-podcast\/"},"wordCount":296,"commentCount":0,"publisher":{"@id":"https:\/\/www.ki-management.com\/#organization"},"image":{"@id":"https:\/\/www.ki-management.com\/1409\/neuer-podcast\/#primaryimage"},"thumbnailUrl":"https:\/\/www.ki-management.com\/wp-content\/uploads\/2020\/10\/Podcast.jpg","keywords":["Absolventen","Absolventinnen","Arbeitswelt","Beruf","Fragen","Jobeinstieg","Podcast"],"articleSection":["news"],"inLanguage":"en-US","potentialAction":[{"@type":"CommentAction","name":"Comment","target":["https:\/\/www.ki-management.com\/1409\/neuer-podcast\/#respond"]}]},{"@type":"WebPage","@id":"https:\/\/www.ki-management.com\/1409\/neuer-podcast\/","url":"https:\/\/www.ki-management.com\/1409\/neuer-podcast\/","name":"[:de]Der neue KI.M Podcast \"Frag de(i)n Prof.\"[:] - K\u00f6lner Institut f\u00fcr Managementberatung","isPartOf":{"@id":"https:\/\/www.ki-management.com\/#website"},"primaryImageOfPage":{"@id":"https:\/\/www.ki-management.com\/1409\/neuer-podcast\/#primaryimage"},"image":{"@id":"https:\/\/www.ki-management.com\/1409\/neuer-podcast\/#primaryimage"},"thumbnailUrl":"https:\/\/www.ki-management.com\/wp-content\/uploads\/2020\/10\/Podcast.jpg","datePublished":"2020-10-14T08:30:39+00:00","description":"{:de}In unserem neuen Podcast \"Frag de(i)n Prof.\" beantwortet Christian Eure Fragen rund um das Thema Beruf. H\u00f6rt direkt rein!{:}","breadcrumb":{"@id":"https:\/\/www.ki-management.com\/1409\/neuer-podcast\/#breadcrumb"},"inLanguage":"en-US","potentialAction":[{"@type":"ReadAction","target":["https:\/\/www.ki-management.com\/1409\/neuer-podcast\/"]}]},{"@type":"ImageObject","inLanguage":"en-US","@id":"https:\/\/www.ki-management.com\/1409\/neuer-podcast\/#primaryimage","url":"https:\/\/www.ki-management.com\/wp-content\/uploads\/2020\/10\/Podcast.jpg","contentUrl":"https:\/\/www.ki-management.com\/wp-content\/uploads\/2020\/10\/Podcast.jpg","width":1887,"height":959},{"@type":"BreadcrumbList","@id":"https:\/\/www.ki-management.com\/1409\/neuer-podcast\/#breadcrumb","itemListElement":[{"@type":"ListItem","position":1,"name":"Startseite","item":"https:\/\/www.ki-management.com\/"},{"@type":"ListItem","position":2,"name":"[:de]Der neue KI.M Podcast &#8220;Frag de(i)n Prof.&#8221;[:]"}]},{"@type":"WebSite","@id":"https:\/\/www.ki-management.com\/#website","url":"https:\/\/www.ki-management.com\/","name":"Cologne Institute for Management Consulting","description":"","publisher":{"@id":"https:\/\/www.ki-management.com\/#organization"},"potentialAction":[{"@type":"SearchAction","target":{"@type":"EntryPoint","urlTemplate":"https:\/\/www.ki-management.com\/?s={search_term_string}"},"query-input":{"@type":"PropertyValueSpecification","valueRequired":true,"valueName":"search_term_string"}}],"inLanguage":"en-US"},{"@type":"Organization","@id":"https:\/\/www.ki-management.com\/#organization","name":"Cologne Institute for Management Consulting","url":"https:\/\/www.ki-management.com\/","logo":{"@type":"ImageObject","inLanguage":"en-US","@id":"https:\/\/www.ki-management.com\/#\/schema\/logo\/image\/","url":"https:\/\/www.ki-management.com\/wp-content\/uploads\/2025\/05\/K.I.M_Logo_pos.svg","contentUrl":"https:\/\/www.ki-management.com\/wp-content\/uploads\/2025\/05\/K.I.M_Logo_pos.svg","width":100,"height":100,"caption":"K\u00f6lner Institut f\u00fcr Managementberatung"},"image":{"@id":"https:\/\/www.ki-management.com\/#\/schema\/logo\/image\/"}},{"@type":"Person","@id":"https:\/\/www.ki-management.com\/#\/schema\/person\/01147fff2b1f7eb8c15ab402c0cb8b1d","name":"Kim Johannsen","description":"E-Mail: kim.johannsen@moveup.de Telefon: +49 123 456789","url":"https:\/\/www.ki-management.com\/en\/author\/k-johannsen\/"}]}},"spectra_custom_meta":{"wp_statistics_words_count":["252"],"_yoast_wpseo_content_score":["90"],"_yoast_wpseo_metadesc":["{:de}In unserem neuen Podcast \"Frag de(i)n Prof.\" beantwortet Christian Eure Fragen rund um das Thema Beruf. H\u00f6rt direkt rein!{:}"],"_thumbnail_id":["1413"],"_yoast_wpseo_estimated-reading-time-minutes":[""],"_uag_css_file_name":["uag-css-1409.css"]},"uagb_featured_image_src":{"full":["https:\/\/www.ki-management.com\/wp-content\/uploads\/2020\/10\/Podcast.jpg",1887,959,false],"thumbnail":["https:\/\/www.ki-management.com\/wp-content\/uploads\/2020\/10\/Podcast-150x150.jpg",150,150,true],"medium":["https:\/\/www.ki-management.com\/wp-content\/uploads\/2020\/10\/Podcast-300x152.jpg",300,152,true],"medium_large":["https:\/\/www.ki-management.com\/wp-content\/uploads\/2020\/10\/Podcast-768x390.jpg",768,390,true],"large":["https:\/\/www.ki-management.com\/wp-content\/uploads\/2020\/10\/Podcast-1024x520.jpg",1024,520,true],"1536x1536":["https:\/\/www.ki-management.com\/wp-content\/uploads\/2020\/10\/Podcast-1536x781.jpg",1536,781,true],"2048x2048":["https:\/\/www.ki-management.com\/wp-content\/uploads\/2020\/10\/Podcast.jpg",1887,959,false],"trp-custom-language-flag":["https:\/\/www.ki-management.com\/wp-content\/uploads\/2020\/10\/Podcast.jpg",18,9,false],"3-2-Thumb":["https:\/\/www.ki-management.com\/wp-content\/uploads\/2020\/10\/Podcast-640x480.jpg",640,480,true],"SquareThumb":["https:\/\/www.ki-management.com\/wp-content\/uploads\/2020\/10\/Podcast-960x959.jpg",960,959,true],"16-9-Thumb":["https:\/\/www.ki-management.com\/wp-content\/uploads\/2020\/10\/Podcast-960x540.jpg",960,540,true],"SquareBig":["https:\/\/www.ki-management.com\/wp-content\/uploads\/2020\/10\/Podcast.jpg",1887,959,false],"16-9-Big":["https:\/\/www.ki-management.com\/wp-content\/uploads\/2020\/10\/Podcast.jpg",1887,959,false]},"uagb_author_info":{"display_name":"Kim Johannsen","author_link":"https:\/\/www.ki-management.com\/en\/author\/k-johannsen\/"},"uagb_comment_info":0,"uagb_excerpt":"[:de]Podcast-App ge\u00f6ffnet und Bluetooth-Box an: ab sofort gibt es vom KI.M was auf die Ohren! In unserem neuen Podcast \u201eFrag de(i)n Prof.\u201c beantwortet unser Gesch\u00e4ftsf\u00fchrer Christian Dries nicht nur seinen Studierenden und Absolventinnen und Absolventen (Frag DEINEN Prof.), sondern allen interessierten H\u00f6rerinnen und H\u00f6rern (Frag DEN Prof.) Fragen rund um berufliche Themen wie beispielsweise den&hellip;","_links":{"self":[{"href":"https:\/\/www.ki-management.com\/en\/wp-json\/wp\/v2\/posts\/1409","targetHints":{"allow":["GET"]}}],"collection":[{"href":"https:\/\/www.ki-management.com\/en\/wp-json\/wp\/v2\/posts"}],"about":[{"href":"https:\/\/www.ki-management.com\/en\/wp-json\/wp\/v2\/types\/post"}],"author":[{"embeddable":true,"href":"https:\/\/www.ki-management.com\/en\/wp-json\/wp\/v2\/users\/2"}],"replies":[{"embeddable":true,"href":"https:\/\/www.ki-management.com\/en\/wp-json\/wp\/v2\/comments?post=1409"}],"version-history":[{"count":0,"href":"https:\/\/www.ki-management.com\/en\/wp-json\/wp\/v2\/posts\/1409\/revisions"}],"wp:featuredmedia":[{"embeddable":true,"href":"https:\/\/www.ki-management.com\/en\/wp-json\/wp\/v2\/media\/1413"}],"wp:attachment":[{"href":"https:\/\/www.ki-management.com\/en\/wp-json\/wp\/v2\/media?parent=1409"}],"wp:term":[{"taxonomy":"category","embeddable":true,"href":"https:\/\/www.ki-management.com\/en\/wp-json\/wp\/v2\/categories?post=1409"},{"taxonomy":"post_tag","embeddable":true,"href":"https:\/\/www.ki-management.com\/en\/wp-json\/wp\/v2\/tags?post=1409"}],"curies":[{"name":"wp","href":"https:\/\/api.w.org\/{rel}","templated":true}]}}