{"id":1519,"date":"2021-03-01T14:12:32","date_gmt":"2021-03-01T13:12:32","guid":{"rendered":"https:\/\/blog.ki-management.com\/?p=1519"},"modified":"2021-03-01T14:12:32","modified_gmt":"2021-03-01T13:12:32","slug":"unser-neuer-kollege-kim-im-interview","status":"publish","type":"post","link":"https:\/\/www.ki-management.com\/en\/1519\/unser-neuer-kollege-kim-im-interview\/","title":{"rendered":"[:de]Unser neuer Kollege Kim im Interview[:]"},"content":{"rendered":"<p>[:de][:de]<strong>Wer bist du?<br \/>\n<\/strong>Ich bin Kim Sklenak, 35 Jahre alt, gl\u00fccklich verheiratet und Papa von zwei Kindern. Dass ich Beratung im Blut habe, l\u00e4sst sich kaum leugnen: Anfangs in der Kundenberatung eines gro\u00dfen Energieanbieters t\u00e4tig, zog es mich als Trainer und Coach schnell an diverse \u201eEinsatzorte\u201c. Um diese Leidenschaft zu professionalisieren, folgten das Bachelor- und Master-Psychologiestudium sowie eine Werkstudentent\u00e4tigkeit beim KI.M \u2013 und die hat bleibenden Eindruck hinterlassen! Denn mit einigen spannenden Jahren im Beruf und viel Erfahrung im Personalbereich, der Moderation von Workshops und der Organisation von Gesundheitsma\u00dfnahmen im Gep\u00e4ck, kehre ich mit viel Vorfreude genau hierher zur\u00fcck. Quasi, back to the roots!<\/p>\n<p>\u00dcbrigens: Wenn ich dann doch einmal Pause vom Alltag mache, findet ihr mich in unserem Schrebergarten oder auf dem Rad!<\/p>\n<p><strong>Mit welchem besonderen Talent unterst\u00fctzt du ab jetzt unser Team?<br \/>\n<\/strong>Ich kann sehr gut mit Menschen und habe eine ausgepr\u00e4gte Beobachtungsgabe \u2013 liegt vielleicht daran, dass ich generell ein guter Zuh\u00f6rer bin. Au\u00dferdem bringe ich eine Affinit\u00e4t zu vertrieblichen Themen mit, die ich in meiner vorherigen beruflichen Station ausbauen konnte. T\u00e4tig war ich hier f\u00fcr einen B2B Dienstleister, der Kunden in strategischen und operativen Vertriebsprozessen ber\u00e4t und unterst\u00fctzt.<\/p>\n<p><strong>Verstand, Herz oder Mut \u2013 welcher Baustein der K.IM-Beratung spricht dich am meisten an und warum?<br \/>\n<\/strong>Mal unabh\u00e4ngig davon, dass ich von allen Bausteinen \u00fcberzeugt bin, haben mich einige Dinge am KI.M, den Kollegen und Alumni schon immer besonders begeistert: Der wertsch\u00e4tzende, authentische Umgang mit Menschen, das konstruktive Feedback und die Kommunikation auf Augenh\u00f6he \u2013 das entspricht ganz meinen eigenen Werten. Lange Rede, kurzer Sinn: Ich sage Herz.<\/p>\n<p><strong>\u201eTypisch Kim\u201c \u2013 Mit welcher charmanten Macke ziehen dich deine Kollegen gerne auf?<br \/>\n<\/strong>Ich f\u00fcrchte, da kommt einiges zusammen \u2013 soll ich das wirklich jetzt schon verraten? Ich bin zum Beispiel recht gut darin, die Pointen von Witzen zu vermasseln. Daf\u00fcr sch\u00e4tzen hingegen einige Kollegen meine hervorragende Stimmimitation ber\u00fchmter Popgr\u00f6\u00dfen.<\/p>\n<p><strong>Wie unser Name es erahnen l\u00e4sst und der Blick aus dem B\u00fcro es verr\u00e4t, sind wir K\u00f6lner durch und durch \u2013 wie sieht es mit dir aus? Echter Jeck oder Karnevalsmuffel?<br \/>\n<\/strong>Als geb\u00fcrtiger M\u00fcnsteraner, habe ich schon von Kindesbeinen an Freude an der 5. Jahreszeit. Ich freue mich immer wieder sagen zu d\u00fcrfen: \u201eDa simmer dabei! Dat is prima!\u201c. So einen typischen Karnevalsmarathon habe ich zwar noch nicht mitmachen d\u00fcrfen, aber wer wei\u00df schon, was die Zukunft hier noch mit sich bringt.<\/p>\n<p><strong>Und jetzt kurz, gut und digital: Beschreibe dich in drei Hashtags!<br \/>\n<\/strong>#youcandoit<br \/>\n#lachenistgesund<br \/>\n#optimist[:][:]<\/p>\n","protected":false},"excerpt":{"rendered":"<p>[:de][:de]Wer bist du? Ich bin Kim Sklenak, 35 Jahre alt, gl\u00fccklich verheiratet und Papa von zwei Kindern. Dass ich Beratung im Blut habe, l\u00e4sst sich kaum leugnen: Anfangs in der Kundenberatung eines gro\u00dfen Energieanbieters t\u00e4tig, zog es mich als Trainer und Coach schnell an diverse \u201eEinsatzorte\u201c. Um diese Leidenschaft zu professionalisieren, folgten das Bachelor- und &#8230; <a title=\"[:de]Unser neuer Kollege Kim im Interview[:]\" class=\"read-more\" href=\"https:\/\/www.ki-management.com\/en\/1519\/unser-neuer-kollege-kim-im-interview\/\" aria-label=\"Read more about [:de]Unser neuer Kollege Kim im Interview[:]\">Weiterlesen &#8230;<\/a><\/p>\n","protected":false},"author":2,"featured_media":1531,"comment_status":"open","ping_status":"closed","sticky":false,"template":"","format":"standard","meta":{"inline_featured_image":false,"_uag_custom_page_level_css":"","footnotes":""},"categories":[7,11],"tags":[57,66,128],"class_list":["post-1519","post","type-post","status-publish","format-standard","has-post-thumbnail","hentry","category-intern","category-news","tag-interview","tag-ki-kollegen","tag-willkommen","generate-columns","tablet-grid-50","mobile-grid-100","grid-parent","grid-50"],"yoast_head":"<!-- This site is optimized with the Yoast SEO plugin v27.5 - https:\/\/yoast.com\/product\/yoast-seo-wordpress\/ -->\n<title>[:de]Unser neuer Kollege Kim im Interview[:] - K\u00f6lner Institut f\u00fcr Managementberatung<\/title>\n<meta name=\"robots\" content=\"index, follow, max-snippet:-1, max-image-preview:large, max-video-preview:-1\" \/>\n<link rel=\"canonical\" href=\"https:\/\/www.ki-management.com\/en\/1519\/unser-neuer-kollege-kim-im-interview\/\" \/>\n<meta property=\"og:locale\" content=\"en_US\" \/>\n<meta property=\"og:type\" content=\"article\" \/>\n<meta property=\"og:title\" content=\"[:de]Unser neuer Kollege Kim im Interview[:] - K\u00f6lner Institut f\u00fcr Managementberatung\" \/>\n<meta property=\"og:description\" content=\"[:de][:de]Wer bist du? Ich bin Kim Sklenak, 35 Jahre alt, gl\u00fccklich verheiratet und Papa von zwei Kindern. Dass ich Beratung im Blut habe, l\u00e4sst sich kaum leugnen: Anfangs in der Kundenberatung eines gro\u00dfen Energieanbieters t\u00e4tig, zog es mich als Trainer und Coach schnell an diverse \u201eEinsatzorte\u201c. Um diese Leidenschaft zu professionalisieren, folgten das Bachelor- und ... Weiterlesen ...\" \/>\n<meta property=\"og:url\" content=\"https:\/\/www.ki-management.com\/en\/1519\/unser-neuer-kollege-kim-im-interview\/\" \/>\n<meta property=\"og:site_name\" content=\"K\u00f6lner Institut f\u00fcr Managementberatung\" \/>\n<meta property=\"article:published_time\" content=\"2021-03-01T13:12:32+00:00\" \/>\n<meta property=\"og:image\" content=\"https:\/\/www.ki-management.com\/wp-content\/uploads\/2021\/03\/lt-1288-1074_Blog-Header_MA-Interview-kim_R02.jpg\" \/>\n\t<meta property=\"og:image:width\" content=\"2400\" \/>\n\t<meta property=\"og:image:height\" content=\"1126\" \/>\n\t<meta property=\"og:image:type\" content=\"image\/jpeg\" \/>\n<meta name=\"author\" content=\"Kim Johannsen\" \/>\n<meta name=\"twitter:card\" content=\"summary_large_image\" \/>\n<meta name=\"twitter:label1\" content=\"Written by\" \/>\n\t<meta name=\"twitter:data1\" content=\"Kim Johannsen\" \/>\n\t<meta name=\"twitter:label2\" content=\"Est. reading time\" \/>\n\t<meta name=\"twitter:data2\" content=\"2 minutes\" \/>\n<script type=\"application\/ld+json\" class=\"yoast-schema-graph\">{\"@context\":\"https:\\\/\\\/schema.org\",\"@graph\":[{\"@type\":\"Article\",\"@id\":\"https:\\\/\\\/www.ki-management.com\\\/1519\\\/unser-neuer-kollege-kim-im-interview\\\/#article\",\"isPartOf\":{\"@id\":\"https:\\\/\\\/www.ki-management.com\\\/1519\\\/unser-neuer-kollege-kim-im-interview\\\/\"},\"author\":{\"name\":\"Kim Johannsen\",\"@id\":\"https:\\\/\\\/www.ki-management.com\\\/#\\\/schema\\\/person\\\/01147fff2b1f7eb8c15ab402c0cb8b1d\"},\"headline\":\"[:de]Unser neuer Kollege Kim im Interview[:]\",\"datePublished\":\"2021-03-01T13:12:32+00:00\",\"mainEntityOfPage\":{\"@id\":\"https:\\\/\\\/www.ki-management.com\\\/1519\\\/unser-neuer-kollege-kim-im-interview\\\/\"},\"wordCount\":443,\"commentCount\":0,\"publisher\":{\"@id\":\"https:\\\/\\\/www.ki-management.com\\\/#organization\"},\"image\":{\"@id\":\"https:\\\/\\\/www.ki-management.com\\\/1519\\\/unser-neuer-kollege-kim-im-interview\\\/#primaryimage\"},\"thumbnailUrl\":\"https:\\\/\\\/www.ki-management.com\\\/wp-content\\\/uploads\\\/2021\\\/03\\\/lt-1288-1074_Blog-Header_MA-Interview-kim_R02.jpg\",\"keywords\":[\"Interview\",\"KI.Kollegen\",\"Willkommen\"],\"articleSection\":[\"intern\",\"news\"],\"inLanguage\":\"en-US\",\"potentialAction\":[{\"@type\":\"CommentAction\",\"name\":\"Comment\",\"target\":[\"https:\\\/\\\/www.ki-management.com\\\/1519\\\/unser-neuer-kollege-kim-im-interview\\\/#respond\"]}]},{\"@type\":\"WebPage\",\"@id\":\"https:\\\/\\\/www.ki-management.com\\\/1519\\\/unser-neuer-kollege-kim-im-interview\\\/\",\"url\":\"https:\\\/\\\/www.ki-management.com\\\/1519\\\/unser-neuer-kollege-kim-im-interview\\\/\",\"name\":\"[:de]Unser neuer Kollege Kim im Interview[:] - K\u00f6lner Institut f\u00fcr Managementberatung\",\"isPartOf\":{\"@id\":\"https:\\\/\\\/www.ki-management.com\\\/#website\"},\"primaryImageOfPage\":{\"@id\":\"https:\\\/\\\/www.ki-management.com\\\/1519\\\/unser-neuer-kollege-kim-im-interview\\\/#primaryimage\"},\"image\":{\"@id\":\"https:\\\/\\\/www.ki-management.com\\\/1519\\\/unser-neuer-kollege-kim-im-interview\\\/#primaryimage\"},\"thumbnailUrl\":\"https:\\\/\\\/www.ki-management.com\\\/wp-content\\\/uploads\\\/2021\\\/03\\\/lt-1288-1074_Blog-Header_MA-Interview-kim_R02.jpg\",\"datePublished\":\"2021-03-01T13:12:32+00:00\",\"breadcrumb\":{\"@id\":\"https:\\\/\\\/www.ki-management.com\\\/1519\\\/unser-neuer-kollege-kim-im-interview\\\/#breadcrumb\"},\"inLanguage\":\"en-US\",\"potentialAction\":[{\"@type\":\"ReadAction\",\"target\":[\"https:\\\/\\\/www.ki-management.com\\\/1519\\\/unser-neuer-kollege-kim-im-interview\\\/\"]}]},{\"@type\":\"ImageObject\",\"inLanguage\":\"en-US\",\"@id\":\"https:\\\/\\\/www.ki-management.com\\\/1519\\\/unser-neuer-kollege-kim-im-interview\\\/#primaryimage\",\"url\":\"https:\\\/\\\/www.ki-management.com\\\/wp-content\\\/uploads\\\/2021\\\/03\\\/lt-1288-1074_Blog-Header_MA-Interview-kim_R02.jpg\",\"contentUrl\":\"https:\\\/\\\/www.ki-management.com\\\/wp-content\\\/uploads\\\/2021\\\/03\\\/lt-1288-1074_Blog-Header_MA-Interview-kim_R02.jpg\",\"width\":2400,\"height\":1126},{\"@type\":\"BreadcrumbList\",\"@id\":\"https:\\\/\\\/www.ki-management.com\\\/1519\\\/unser-neuer-kollege-kim-im-interview\\\/#breadcrumb\",\"itemListElement\":[{\"@type\":\"ListItem\",\"position\":1,\"name\":\"Startseite\",\"item\":\"https:\\\/\\\/www.ki-management.com\\\/\"},{\"@type\":\"ListItem\",\"position\":2,\"name\":\"[:de]Unser neuer Kollege Kim im Interview[:]\"}]},{\"@type\":\"WebSite\",\"@id\":\"https:\\\/\\\/www.ki-management.com\\\/#website\",\"url\":\"https:\\\/\\\/www.ki-management.com\\\/\",\"name\":\"K\u00f6lner Institut f\u00fcr Managementberatung\",\"description\":\"\",\"publisher\":{\"@id\":\"https:\\\/\\\/www.ki-management.com\\\/#organization\"},\"potentialAction\":[{\"@type\":\"SearchAction\",\"target\":{\"@type\":\"EntryPoint\",\"urlTemplate\":\"https:\\\/\\\/www.ki-management.com\\\/?s={search_term_string}\"},\"query-input\":{\"@type\":\"PropertyValueSpecification\",\"valueRequired\":true,\"valueName\":\"search_term_string\"}}],\"inLanguage\":\"en-US\"},{\"@type\":\"Organization\",\"@id\":\"https:\\\/\\\/www.ki-management.com\\\/#organization\",\"name\":\"K\u00f6lner Institut f\u00fcr Managementberatung\",\"url\":\"https:\\\/\\\/www.ki-management.com\\\/\",\"logo\":{\"@type\":\"ImageObject\",\"inLanguage\":\"en-US\",\"@id\":\"https:\\\/\\\/www.ki-management.com\\\/#\\\/schema\\\/logo\\\/image\\\/\",\"url\":\"https:\\\/\\\/www.ki-management.com\\\/wp-content\\\/uploads\\\/2025\\\/05\\\/K.I.M_Logo_pos.svg\",\"contentUrl\":\"https:\\\/\\\/www.ki-management.com\\\/wp-content\\\/uploads\\\/2025\\\/05\\\/K.I.M_Logo_pos.svg\",\"width\":100,\"height\":100,\"caption\":\"K\u00f6lner Institut f\u00fcr Managementberatung\"},\"image\":{\"@id\":\"https:\\\/\\\/www.ki-management.com\\\/#\\\/schema\\\/logo\\\/image\\\/\"}},{\"@type\":\"Person\",\"@id\":\"https:\\\/\\\/www.ki-management.com\\\/#\\\/schema\\\/person\\\/01147fff2b1f7eb8c15ab402c0cb8b1d\",\"name\":\"Kim Johannsen\",\"description\":\"E-Mail: kim.johannsen@moveup.de Telefon: +49 123 456789\",\"url\":\"https:\\\/\\\/www.ki-management.com\\\/en\\\/author\\\/k-johannsen\\\/\"}]}<\/script>\n<!-- \/ Yoast SEO plugin. -->","yoast_head_json":{"title":"[:de]Unser neuer Kollege Kim im Interview[:] - K\u00f6lner Institut f\u00fcr Managementberatung","robots":{"index":"index","follow":"follow","max-snippet":"max-snippet:-1","max-image-preview":"max-image-preview:large","max-video-preview":"max-video-preview:-1"},"canonical":"https:\/\/www.ki-management.com\/en\/1519\/unser-neuer-kollege-kim-im-interview\/","og_locale":"en_US","og_type":"article","og_title":"[:de]Unser neuer Kollege Kim im Interview[:] - K\u00f6lner Institut f\u00fcr Managementberatung","og_description":"[:de][:de]Wer bist du? Ich bin Kim Sklenak, 35 Jahre alt, gl\u00fccklich verheiratet und Papa von zwei Kindern. Dass ich Beratung im Blut habe, l\u00e4sst sich kaum leugnen: Anfangs in der Kundenberatung eines gro\u00dfen Energieanbieters t\u00e4tig, zog es mich als Trainer und Coach schnell an diverse \u201eEinsatzorte\u201c. Um diese Leidenschaft zu professionalisieren, folgten das Bachelor- und ... Weiterlesen ...","og_url":"https:\/\/www.ki-management.com\/en\/1519\/unser-neuer-kollege-kim-im-interview\/","og_site_name":"K\u00f6lner Institut f\u00fcr Managementberatung","article_published_time":"2021-03-01T13:12:32+00:00","og_image":[{"width":2400,"height":1126,"url":"https:\/\/www.ki-management.com\/wp-content\/uploads\/2021\/03\/lt-1288-1074_Blog-Header_MA-Interview-kim_R02.jpg","type":"image\/jpeg"}],"author":"Kim Johannsen","twitter_card":"summary_large_image","twitter_misc":{"Written by":"Kim Johannsen","Est. reading time":"2 minutes"},"schema":{"@context":"https:\/\/schema.org","@graph":[{"@type":"Article","@id":"https:\/\/www.ki-management.com\/1519\/unser-neuer-kollege-kim-im-interview\/#article","isPartOf":{"@id":"https:\/\/www.ki-management.com\/1519\/unser-neuer-kollege-kim-im-interview\/"},"author":{"name":"Kim Johannsen","@id":"https:\/\/www.ki-management.com\/#\/schema\/person\/01147fff2b1f7eb8c15ab402c0cb8b1d"},"headline":"[:de]Unser neuer Kollege Kim im Interview[:]","datePublished":"2021-03-01T13:12:32+00:00","mainEntityOfPage":{"@id":"https:\/\/www.ki-management.com\/1519\/unser-neuer-kollege-kim-im-interview\/"},"wordCount":443,"commentCount":0,"publisher":{"@id":"https:\/\/www.ki-management.com\/#organization"},"image":{"@id":"https:\/\/www.ki-management.com\/1519\/unser-neuer-kollege-kim-im-interview\/#primaryimage"},"thumbnailUrl":"https:\/\/www.ki-management.com\/wp-content\/uploads\/2021\/03\/lt-1288-1074_Blog-Header_MA-Interview-kim_R02.jpg","keywords":["Interview","KI.Kollegen","Willkommen"],"articleSection":["intern","news"],"inLanguage":"en-US","potentialAction":[{"@type":"CommentAction","name":"Comment","target":["https:\/\/www.ki-management.com\/1519\/unser-neuer-kollege-kim-im-interview\/#respond"]}]},{"@type":"WebPage","@id":"https:\/\/www.ki-management.com\/1519\/unser-neuer-kollege-kim-im-interview\/","url":"https:\/\/www.ki-management.com\/1519\/unser-neuer-kollege-kim-im-interview\/","name":"[:de]Unser neuer Kollege Kim im Interview[:] - K\u00f6lner Institut f\u00fcr Managementberatung","isPartOf":{"@id":"https:\/\/www.ki-management.com\/#website"},"primaryImageOfPage":{"@id":"https:\/\/www.ki-management.com\/1519\/unser-neuer-kollege-kim-im-interview\/#primaryimage"},"image":{"@id":"https:\/\/www.ki-management.com\/1519\/unser-neuer-kollege-kim-im-interview\/#primaryimage"},"thumbnailUrl":"https:\/\/www.ki-management.com\/wp-content\/uploads\/2021\/03\/lt-1288-1074_Blog-Header_MA-Interview-kim_R02.jpg","datePublished":"2021-03-01T13:12:32+00:00","breadcrumb":{"@id":"https:\/\/www.ki-management.com\/1519\/unser-neuer-kollege-kim-im-interview\/#breadcrumb"},"inLanguage":"en-US","potentialAction":[{"@type":"ReadAction","target":["https:\/\/www.ki-management.com\/1519\/unser-neuer-kollege-kim-im-interview\/"]}]},{"@type":"ImageObject","inLanguage":"en-US","@id":"https:\/\/www.ki-management.com\/1519\/unser-neuer-kollege-kim-im-interview\/#primaryimage","url":"https:\/\/www.ki-management.com\/wp-content\/uploads\/2021\/03\/lt-1288-1074_Blog-Header_MA-Interview-kim_R02.jpg","contentUrl":"https:\/\/www.ki-management.com\/wp-content\/uploads\/2021\/03\/lt-1288-1074_Blog-Header_MA-Interview-kim_R02.jpg","width":2400,"height":1126},{"@type":"BreadcrumbList","@id":"https:\/\/www.ki-management.com\/1519\/unser-neuer-kollege-kim-im-interview\/#breadcrumb","itemListElement":[{"@type":"ListItem","position":1,"name":"Startseite","item":"https:\/\/www.ki-management.com\/"},{"@type":"ListItem","position":2,"name":"[:de]Unser neuer Kollege Kim im Interview[:]"}]},{"@type":"WebSite","@id":"https:\/\/www.ki-management.com\/#website","url":"https:\/\/www.ki-management.com\/","name":"Cologne Institute for Management Consulting","description":"","publisher":{"@id":"https:\/\/www.ki-management.com\/#organization"},"potentialAction":[{"@type":"SearchAction","target":{"@type":"EntryPoint","urlTemplate":"https:\/\/www.ki-management.com\/?s={search_term_string}"},"query-input":{"@type":"PropertyValueSpecification","valueRequired":true,"valueName":"search_term_string"}}],"inLanguage":"en-US"},{"@type":"Organization","@id":"https:\/\/www.ki-management.com\/#organization","name":"Cologne Institute for Management Consulting","url":"https:\/\/www.ki-management.com\/","logo":{"@type":"ImageObject","inLanguage":"en-US","@id":"https:\/\/www.ki-management.com\/#\/schema\/logo\/image\/","url":"https:\/\/www.ki-management.com\/wp-content\/uploads\/2025\/05\/K.I.M_Logo_pos.svg","contentUrl":"https:\/\/www.ki-management.com\/wp-content\/uploads\/2025\/05\/K.I.M_Logo_pos.svg","width":100,"height":100,"caption":"K\u00f6lner Institut f\u00fcr Managementberatung"},"image":{"@id":"https:\/\/www.ki-management.com\/#\/schema\/logo\/image\/"}},{"@type":"Person","@id":"https:\/\/www.ki-management.com\/#\/schema\/person\/01147fff2b1f7eb8c15ab402c0cb8b1d","name":"Kim Johannsen","description":"E-Mail: kim.johannsen@moveup.de Telefon: +49 123 456789","url":"https:\/\/www.ki-management.com\/en\/author\/k-johannsen\/"}]}},"spectra_custom_meta":{"wp_statistics_words_count":["392"],"_yoast_wpseo_content_score":["60"],"_yoast_wpseo_estimated-reading-time-minutes":["2"],"_yoast_wpseo_primary_category":["1"],"_thumbnail_id":["1531"],"_uag_css_file_name":["uag-css-1519.css"]},"uagb_featured_image_src":{"full":["https:\/\/www.ki-management.com\/wp-content\/uploads\/2021\/03\/lt-1288-1074_Blog-Header_MA-Interview-kim_R02.jpg",2400,1126,false],"thumbnail":["https:\/\/www.ki-management.com\/wp-content\/uploads\/2021\/03\/lt-1288-1074_Blog-Header_MA-Interview-kim_R02-150x150.jpg",150,150,true],"medium":["https:\/\/www.ki-management.com\/wp-content\/uploads\/2021\/03\/lt-1288-1074_Blog-Header_MA-Interview-kim_R02-300x141.jpg",300,141,true],"medium_large":["https:\/\/www.ki-management.com\/wp-content\/uploads\/2021\/03\/lt-1288-1074_Blog-Header_MA-Interview-kim_R02-768x360.jpg",768,360,true],"large":["https:\/\/www.ki-management.com\/wp-content\/uploads\/2021\/03\/lt-1288-1074_Blog-Header_MA-Interview-kim_R02-1024x480.jpg",1024,480,true],"1536x1536":["https:\/\/www.ki-management.com\/wp-content\/uploads\/2021\/03\/lt-1288-1074_Blog-Header_MA-Interview-kim_R02-1536x721.jpg",1536,721,true],"2048x2048":["https:\/\/www.ki-management.com\/wp-content\/uploads\/2021\/03\/lt-1288-1074_Blog-Header_MA-Interview-kim_R02-2048x961.jpg",2048,961,true],"trp-custom-language-flag":["https:\/\/www.ki-management.com\/wp-content\/uploads\/2021\/03\/lt-1288-1074_Blog-Header_MA-Interview-kim_R02.jpg",18,8,false],"3-2-Thumb":["https:\/\/www.ki-management.com\/wp-content\/uploads\/2021\/03\/lt-1288-1074_Blog-Header_MA-Interview-kim_R02-640x480.jpg",640,480,true],"SquareThumb":["https:\/\/www.ki-management.com\/wp-content\/uploads\/2021\/03\/lt-1288-1074_Blog-Header_MA-Interview-kim_R02-960x960.jpg",960,960,true],"16-9-Thumb":["https:\/\/www.ki-management.com\/wp-content\/uploads\/2021\/03\/lt-1288-1074_Blog-Header_MA-Interview-kim_R02-960x540.jpg",960,540,true],"SquareBig":["https:\/\/www.ki-management.com\/wp-content\/uploads\/2021\/03\/lt-1288-1074_Blog-Header_MA-Interview-kim_R02-1920x1126.jpg",1920,1126,true],"16-9-Big":["https:\/\/www.ki-management.com\/wp-content\/uploads\/2021\/03\/lt-1288-1074_Blog-Header_MA-Interview-kim_R02-1980x1080.jpg",1980,1080,true]},"uagb_author_info":{"display_name":"Kim Johannsen","author_link":"https:\/\/www.ki-management.com\/en\/author\/k-johannsen\/"},"uagb_comment_info":0,"uagb_excerpt":"[:de][:de]Wer bist du? Ich bin Kim Sklenak, 35 Jahre alt, gl\u00fccklich verheiratet und Papa von zwei Kindern. Dass ich Beratung im Blut habe, l\u00e4sst sich kaum leugnen: Anfangs in der Kundenberatung eines gro\u00dfen Energieanbieters t\u00e4tig, zog es mich als Trainer und Coach schnell an diverse \u201eEinsatzorte\u201c. Um diese Leidenschaft zu professionalisieren, folgten das Bachelor- und&hellip;","_links":{"self":[{"href":"https:\/\/www.ki-management.com\/en\/wp-json\/wp\/v2\/posts\/1519","targetHints":{"allow":["GET"]}}],"collection":[{"href":"https:\/\/www.ki-management.com\/en\/wp-json\/wp\/v2\/posts"}],"about":[{"href":"https:\/\/www.ki-management.com\/en\/wp-json\/wp\/v2\/types\/post"}],"author":[{"embeddable":true,"href":"https:\/\/www.ki-management.com\/en\/wp-json\/wp\/v2\/users\/2"}],"replies":[{"embeddable":true,"href":"https:\/\/www.ki-management.com\/en\/wp-json\/wp\/v2\/comments?post=1519"}],"version-history":[{"count":0,"href":"https:\/\/www.ki-management.com\/en\/wp-json\/wp\/v2\/posts\/1519\/revisions"}],"wp:featuredmedia":[{"embeddable":true,"href":"https:\/\/www.ki-management.com\/en\/wp-json\/wp\/v2\/media\/1531"}],"wp:attachment":[{"href":"https:\/\/www.ki-management.com\/en\/wp-json\/wp\/v2\/media?parent=1519"}],"wp:term":[{"taxonomy":"category","embeddable":true,"href":"https:\/\/www.ki-management.com\/en\/wp-json\/wp\/v2\/categories?post=1519"},{"taxonomy":"post_tag","embeddable":true,"href":"https:\/\/www.ki-management.com\/en\/wp-json\/wp\/v2\/tags?post=1519"}],"curies":[{"name":"wp","href":"https:\/\/api.w.org\/{rel}","templated":true}]}}