{"id":1603,"date":"2021-08-17T09:12:10","date_gmt":"2021-08-17T07:12:10","guid":{"rendered":"https:\/\/blog.ki-management.com\/?p=1603"},"modified":"2021-08-17T09:12:10","modified_gmt":"2021-08-17T07:12:10","slug":"webinar-anmeldung","status":"publish","type":"post","link":"https:\/\/www.ki-management.com\/en\/1603\/webinar-anmeldung\/","title":{"rendered":"[:de]Webinar-Serie: Digitale Pers\u00f6nlichkeitsdiagnostik \u2013 Erfahrungen aus der Praxis[:]"},"content":{"rendered":"<p>[:de][:de][:de]Eine aktuelle Trendstudie zeigt: Von deutschen Unternehmen werden vermehrt online-basierte Verfahren, z.B. digitale Pers\u00f6nlichkeitstests, eingesetzt.<br \/>\nWelche Herausforderungen die digitale Bewerberansprache mit sich bringt und wie digitale Testformate erfolgreich in der Praxis implementiert werden k\u00f6nnen, erfahrt ihr in unserer <strong>kostenfreien Webinar-Serie \u201eDigitale Pers\u00f6nlichkeitsdiagnostik \u2013 Erfahrungen aus der Praxis\u201c.<\/strong><\/p>\n<p>Andr\u00e9 Findeisen, Susanne Beyhoff und Thomas Schlosser pr\u00e4sentieren euch passende Konzepte und Erfahrungswerte aus erster Hand. Dabei k\u00f6nnt ihr den Schwerpunkt eurer Webinar-Session selbst w\u00e4hlen: M\u00f6chtet ihr Vertiefungssequenzen und Einsatzm\u00f6glichkeiten aus dem Bereich <strong>Training &amp; Entwicklung (10.09.2021, 9:00-9:30 Uhr)<\/strong> oder aus dem Bereich der <strong>Personalauswahl (15.09.2021, 9:00-9:30 Uhr)<\/strong> h\u00f6ren<em>?<\/em><\/p>\n<p>In den 30-min\u00fctigen Terminen erwarten euch Antworten auf spannende Fragen wie \u201eWie und wann kann ich digitale Pers\u00f6nlichkeitsdiagnostik in Assessment- oder Development Center einsetzen?\u201c oder \u201eWie binde ich die Ergebnisse der digitalen Pers\u00f6nlichkeitsdiagnostik sinnvoll in den Trainingsprozess ein?\u201c. Zeit f\u00fcr weiteren Austausch und Nachfragen bleibt nat\u00fcrlich auch.<\/p>\n<p><strong>Wir freuen uns \u00fcber zahlreiche Anmeldungen und ein Wiedersehen im September!<\/strong><\/p>\n<hr \/>\n<p><strong>Du bist interessiert?<\/strong> <a href=\"https:\/\/www.ki-management.com\/anmeldung-webinar\/\">Hier kannst du dich kostenfrei anmelden.<\/a><br \/>\nF\u00fcr weitere Infos sowie bei Fragen und Anmerkungen wende dich gerne an Meryem Janser:<br \/>\n<a href=\"mailto:m.janser@ki-management.com\">m.janser@ki-management.com<\/a>[:][:][:]<\/p>\n","protected":false},"excerpt":{"rendered":"<p>[:de][:de][:de]Eine aktuelle Trendstudie zeigt: Von deutschen Unternehmen werden vermehrt online-basierte Verfahren, z.B. digitale Pers\u00f6nlichkeitstests, eingesetzt. Welche Herausforderungen die digitale Bewerberansprache mit sich bringt und wie digitale Testformate erfolgreich in der Praxis implementiert werden k\u00f6nnen, erfahrt ihr in unserer kostenfreien Webinar-Serie \u201eDigitale Pers\u00f6nlichkeitsdiagnostik \u2013 Erfahrungen aus der Praxis\u201c. Andr\u00e9 Findeisen, Susanne Beyhoff und Thomas Schlosser pr\u00e4sentieren &#8230; <a title=\"[:de]Webinar-Serie: Digitale Pers\u00f6nlichkeitsdiagnostik \u2013 Erfahrungen aus der Praxis[:]\" class=\"read-more\" href=\"https:\/\/www.ki-management.com\/en\/1603\/webinar-anmeldung\/\" aria-label=\"Read more about [:de]Webinar-Serie: Digitale Pers\u00f6nlichkeitsdiagnostik \u2013 Erfahrungen aus der Praxis[:]\">Weiterlesen &#8230;<\/a><\/p>\n","protected":false},"author":2,"featured_media":1616,"comment_status":"open","ping_status":"closed","sticky":false,"template":"","format":"standard","meta":{"inline_featured_image":false,"_uag_custom_page_level_css":"","footnotes":""},"categories":[11,12],"tags":[69,92,93,125],"class_list":["post-1603","post","type-post","status-publish","format-standard","has-post-thumbnail","hentry","category-news","category-webinar","tag-ki-test","tag-personalauswahl","tag-personalentwicklung","tag-webinar","generate-columns","tablet-grid-50","mobile-grid-100","grid-parent","grid-50"],"yoast_head":"<!-- This site is optimized with the Yoast SEO plugin v27.5 - https:\/\/yoast.com\/product\/yoast-seo-wordpress\/ -->\n<title>[:de]Webinar-Serie: Digitale Pers\u00f6nlichkeitsdiagnostik \u2013 Erfahrungen aus der Praxis[:] - K\u00f6lner Institut f\u00fcr Managementberatung<\/title>\n<meta name=\"description\" content=\"{:de}In unserer Webinar-Serie teilen wir Konzepte und Erfahrungswerte zum Einsatz digitaler Pers\u00f6nlichkeitsdiagnostik. Meldet euch kostenlos an!{:}\" \/>\n<meta name=\"robots\" content=\"index, follow, max-snippet:-1, max-image-preview:large, max-video-preview:-1\" \/>\n<link rel=\"canonical\" href=\"https:\/\/www.ki-management.com\/en\/1603\/webinar-anmeldung\/\" \/>\n<meta property=\"og:locale\" content=\"en_US\" \/>\n<meta property=\"og:type\" content=\"article\" \/>\n<meta property=\"og:title\" content=\"[:de]Webinar-Serie: Digitale Pers\u00f6nlichkeitsdiagnostik \u2013 Erfahrungen aus der Praxis[:] - K\u00f6lner Institut f\u00fcr Managementberatung\" \/>\n<meta property=\"og:description\" content=\"{:de}In unserer Webinar-Serie teilen wir Konzepte und Erfahrungswerte zum Einsatz digitaler Pers\u00f6nlichkeitsdiagnostik. Meldet euch kostenlos an!{:}\" \/>\n<meta property=\"og:url\" content=\"https:\/\/www.ki-management.com\/en\/1603\/webinar-anmeldung\/\" \/>\n<meta property=\"og:site_name\" content=\"K\u00f6lner Institut f\u00fcr Managementberatung\" \/>\n<meta property=\"article:published_time\" content=\"2021-08-17T07:12:10+00:00\" \/>\n<meta property=\"og:image\" content=\"https:\/\/www.ki-management.com\/wp-content\/uploads\/2021\/08\/Webinar-Post-wenig-Text-scaled-e1629300712260.jpg\" \/>\n\t<meta property=\"og:image:width\" content=\"2560\" \/>\n\t<meta property=\"og:image:height\" content=\"934\" \/>\n\t<meta property=\"og:image:type\" content=\"image\/jpeg\" \/>\n<meta name=\"author\" content=\"Kim Johannsen\" \/>\n<meta name=\"twitter:card\" content=\"summary_large_image\" \/>\n<meta name=\"twitter:label1\" content=\"Written by\" \/>\n\t<meta name=\"twitter:data1\" content=\"Kim Johannsen\" \/>\n\t<meta name=\"twitter:label2\" content=\"Est. reading time\" \/>\n\t<meta name=\"twitter:data2\" content=\"1 minute\" \/>\n<script type=\"application\/ld+json\" class=\"yoast-schema-graph\">{\"@context\":\"https:\\\/\\\/schema.org\",\"@graph\":[{\"@type\":\"Article\",\"@id\":\"https:\\\/\\\/www.ki-management.com\\\/1603\\\/webinar-anmeldung\\\/#article\",\"isPartOf\":{\"@id\":\"https:\\\/\\\/www.ki-management.com\\\/1603\\\/webinar-anmeldung\\\/\"},\"author\":{\"name\":\"Kim Johannsen\",\"@id\":\"https:\\\/\\\/www.ki-management.com\\\/#\\\/schema\\\/person\\\/01147fff2b1f7eb8c15ab402c0cb8b1d\"},\"headline\":\"[:de]Webinar-Serie: Digitale Pers\u00f6nlichkeitsdiagnostik \u2013 Erfahrungen aus der Praxis[:]\",\"datePublished\":\"2021-08-17T07:12:10+00:00\",\"mainEntityOfPage\":{\"@id\":\"https:\\\/\\\/www.ki-management.com\\\/1603\\\/webinar-anmeldung\\\/\"},\"wordCount\":206,\"commentCount\":0,\"publisher\":{\"@id\":\"https:\\\/\\\/www.ki-management.com\\\/#organization\"},\"image\":{\"@id\":\"https:\\\/\\\/www.ki-management.com\\\/1603\\\/webinar-anmeldung\\\/#primaryimage\"},\"thumbnailUrl\":\"https:\\\/\\\/www.ki-management.com\\\/wp-content\\\/uploads\\\/2021\\\/08\\\/Webinar-Post-wenig-Text-scaled-e1629300712260.jpg\",\"keywords\":[\"KI.TEST\",\"Personalauswahl\",\"Personalentwicklung\",\"Webinar\"],\"articleSection\":[\"news\",\"webinar\"],\"inLanguage\":\"en-US\",\"potentialAction\":[{\"@type\":\"CommentAction\",\"name\":\"Comment\",\"target\":[\"https:\\\/\\\/www.ki-management.com\\\/1603\\\/webinar-anmeldung\\\/#respond\"]}]},{\"@type\":\"WebPage\",\"@id\":\"https:\\\/\\\/www.ki-management.com\\\/1603\\\/webinar-anmeldung\\\/\",\"url\":\"https:\\\/\\\/www.ki-management.com\\\/1603\\\/webinar-anmeldung\\\/\",\"name\":\"[:de]Webinar-Serie: Digitale Pers\u00f6nlichkeitsdiagnostik \u2013 Erfahrungen aus der Praxis[:] - K\u00f6lner Institut f\u00fcr Managementberatung\",\"isPartOf\":{\"@id\":\"https:\\\/\\\/www.ki-management.com\\\/#website\"},\"primaryImageOfPage\":{\"@id\":\"https:\\\/\\\/www.ki-management.com\\\/1603\\\/webinar-anmeldung\\\/#primaryimage\"},\"image\":{\"@id\":\"https:\\\/\\\/www.ki-management.com\\\/1603\\\/webinar-anmeldung\\\/#primaryimage\"},\"thumbnailUrl\":\"https:\\\/\\\/www.ki-management.com\\\/wp-content\\\/uploads\\\/2021\\\/08\\\/Webinar-Post-wenig-Text-scaled-e1629300712260.jpg\",\"datePublished\":\"2021-08-17T07:12:10+00:00\",\"description\":\"{:de}In unserer Webinar-Serie teilen wir Konzepte und Erfahrungswerte zum Einsatz digitaler Pers\u00f6nlichkeitsdiagnostik. Meldet euch kostenlos an!{:}\",\"breadcrumb\":{\"@id\":\"https:\\\/\\\/www.ki-management.com\\\/1603\\\/webinar-anmeldung\\\/#breadcrumb\"},\"inLanguage\":\"en-US\",\"potentialAction\":[{\"@type\":\"ReadAction\",\"target\":[\"https:\\\/\\\/www.ki-management.com\\\/1603\\\/webinar-anmeldung\\\/\"]}]},{\"@type\":\"ImageObject\",\"inLanguage\":\"en-US\",\"@id\":\"https:\\\/\\\/www.ki-management.com\\\/1603\\\/webinar-anmeldung\\\/#primaryimage\",\"url\":\"https:\\\/\\\/www.ki-management.com\\\/wp-content\\\/uploads\\\/2021\\\/08\\\/Webinar-Post-wenig-Text-scaled-e1629300712260.jpg\",\"contentUrl\":\"https:\\\/\\\/www.ki-management.com\\\/wp-content\\\/uploads\\\/2021\\\/08\\\/Webinar-Post-wenig-Text-scaled-e1629300712260.jpg\",\"width\":2560,\"height\":934},{\"@type\":\"BreadcrumbList\",\"@id\":\"https:\\\/\\\/www.ki-management.com\\\/1603\\\/webinar-anmeldung\\\/#breadcrumb\",\"itemListElement\":[{\"@type\":\"ListItem\",\"position\":1,\"name\":\"Startseite\",\"item\":\"https:\\\/\\\/www.ki-management.com\\\/\"},{\"@type\":\"ListItem\",\"position\":2,\"name\":\"[:de]Webinar-Serie: Digitale Pers\u00f6nlichkeitsdiagnostik \u2013 Erfahrungen aus der Praxis[:]\"}]},{\"@type\":\"WebSite\",\"@id\":\"https:\\\/\\\/www.ki-management.com\\\/#website\",\"url\":\"https:\\\/\\\/www.ki-management.com\\\/\",\"name\":\"K\u00f6lner Institut f\u00fcr Managementberatung\",\"description\":\"\",\"publisher\":{\"@id\":\"https:\\\/\\\/www.ki-management.com\\\/#organization\"},\"potentialAction\":[{\"@type\":\"SearchAction\",\"target\":{\"@type\":\"EntryPoint\",\"urlTemplate\":\"https:\\\/\\\/www.ki-management.com\\\/?s={search_term_string}\"},\"query-input\":{\"@type\":\"PropertyValueSpecification\",\"valueRequired\":true,\"valueName\":\"search_term_string\"}}],\"inLanguage\":\"en-US\"},{\"@type\":\"Organization\",\"@id\":\"https:\\\/\\\/www.ki-management.com\\\/#organization\",\"name\":\"K\u00f6lner Institut f\u00fcr Managementberatung\",\"url\":\"https:\\\/\\\/www.ki-management.com\\\/\",\"logo\":{\"@type\":\"ImageObject\",\"inLanguage\":\"en-US\",\"@id\":\"https:\\\/\\\/www.ki-management.com\\\/#\\\/schema\\\/logo\\\/image\\\/\",\"url\":\"https:\\\/\\\/www.ki-management.com\\\/wp-content\\\/uploads\\\/2025\\\/05\\\/K.I.M_Logo_pos.svg\",\"contentUrl\":\"https:\\\/\\\/www.ki-management.com\\\/wp-content\\\/uploads\\\/2025\\\/05\\\/K.I.M_Logo_pos.svg\",\"width\":100,\"height\":100,\"caption\":\"K\u00f6lner Institut f\u00fcr Managementberatung\"},\"image\":{\"@id\":\"https:\\\/\\\/www.ki-management.com\\\/#\\\/schema\\\/logo\\\/image\\\/\"}},{\"@type\":\"Person\",\"@id\":\"https:\\\/\\\/www.ki-management.com\\\/#\\\/schema\\\/person\\\/01147fff2b1f7eb8c15ab402c0cb8b1d\",\"name\":\"Kim Johannsen\",\"description\":\"E-Mail: kim.johannsen@moveup.de Telefon: +49 123 456789\",\"url\":\"https:\\\/\\\/www.ki-management.com\\\/en\\\/author\\\/k-johannsen\\\/\"}]}<\/script>\n<!-- \/ Yoast SEO plugin. -->","yoast_head_json":{"title":"[:de]Webinar-Serie: Digitale Pers\u00f6nlichkeitsdiagnostik \u2013 Erfahrungen aus der Praxis[:] - K\u00f6lner Institut f\u00fcr Managementberatung","description":"{:de}In unserer Webinar-Serie teilen wir Konzepte und Erfahrungswerte zum Einsatz digitaler Pers\u00f6nlichkeitsdiagnostik. Meldet euch kostenlos an!{:}","robots":{"index":"index","follow":"follow","max-snippet":"max-snippet:-1","max-image-preview":"max-image-preview:large","max-video-preview":"max-video-preview:-1"},"canonical":"https:\/\/www.ki-management.com\/en\/1603\/webinar-anmeldung\/","og_locale":"en_US","og_type":"article","og_title":"[:de]Webinar-Serie: Digitale Pers\u00f6nlichkeitsdiagnostik \u2013 Erfahrungen aus der Praxis[:] - K\u00f6lner Institut f\u00fcr Managementberatung","og_description":"{:de}In unserer Webinar-Serie teilen wir Konzepte und Erfahrungswerte zum Einsatz digitaler Pers\u00f6nlichkeitsdiagnostik. Meldet euch kostenlos an!{:}","og_url":"https:\/\/www.ki-management.com\/en\/1603\/webinar-anmeldung\/","og_site_name":"K\u00f6lner Institut f\u00fcr Managementberatung","article_published_time":"2021-08-17T07:12:10+00:00","og_image":[{"width":2560,"height":934,"url":"https:\/\/www.ki-management.com\/wp-content\/uploads\/2021\/08\/Webinar-Post-wenig-Text-scaled-e1629300712260.jpg","type":"image\/jpeg"}],"author":"Kim Johannsen","twitter_card":"summary_large_image","twitter_misc":{"Written by":"Kim Johannsen","Est. reading time":"1 minute"},"schema":{"@context":"https:\/\/schema.org","@graph":[{"@type":"Article","@id":"https:\/\/www.ki-management.com\/1603\/webinar-anmeldung\/#article","isPartOf":{"@id":"https:\/\/www.ki-management.com\/1603\/webinar-anmeldung\/"},"author":{"name":"Kim Johannsen","@id":"https:\/\/www.ki-management.com\/#\/schema\/person\/01147fff2b1f7eb8c15ab402c0cb8b1d"},"headline":"[:de]Webinar-Serie: Digitale Pers\u00f6nlichkeitsdiagnostik \u2013 Erfahrungen aus der Praxis[:]","datePublished":"2021-08-17T07:12:10+00:00","mainEntityOfPage":{"@id":"https:\/\/www.ki-management.com\/1603\/webinar-anmeldung\/"},"wordCount":206,"commentCount":0,"publisher":{"@id":"https:\/\/www.ki-management.com\/#organization"},"image":{"@id":"https:\/\/www.ki-management.com\/1603\/webinar-anmeldung\/#primaryimage"},"thumbnailUrl":"https:\/\/www.ki-management.com\/wp-content\/uploads\/2021\/08\/Webinar-Post-wenig-Text-scaled-e1629300712260.jpg","keywords":["KI.TEST","Personalauswahl","Personalentwicklung","Webinar"],"articleSection":["news","webinar"],"inLanguage":"en-US","potentialAction":[{"@type":"CommentAction","name":"Comment","target":["https:\/\/www.ki-management.com\/1603\/webinar-anmeldung\/#respond"]}]},{"@type":"WebPage","@id":"https:\/\/www.ki-management.com\/1603\/webinar-anmeldung\/","url":"https:\/\/www.ki-management.com\/1603\/webinar-anmeldung\/","name":"[:de]Webinar-Serie: Digitale Pers\u00f6nlichkeitsdiagnostik \u2013 Erfahrungen aus der Praxis[:] - K\u00f6lner Institut f\u00fcr Managementberatung","isPartOf":{"@id":"https:\/\/www.ki-management.com\/#website"},"primaryImageOfPage":{"@id":"https:\/\/www.ki-management.com\/1603\/webinar-anmeldung\/#primaryimage"},"image":{"@id":"https:\/\/www.ki-management.com\/1603\/webinar-anmeldung\/#primaryimage"},"thumbnailUrl":"https:\/\/www.ki-management.com\/wp-content\/uploads\/2021\/08\/Webinar-Post-wenig-Text-scaled-e1629300712260.jpg","datePublished":"2021-08-17T07:12:10+00:00","description":"{:de}In unserer Webinar-Serie teilen wir Konzepte und Erfahrungswerte zum Einsatz digitaler Pers\u00f6nlichkeitsdiagnostik. Meldet euch kostenlos an!{:}","breadcrumb":{"@id":"https:\/\/www.ki-management.com\/1603\/webinar-anmeldung\/#breadcrumb"},"inLanguage":"en-US","potentialAction":[{"@type":"ReadAction","target":["https:\/\/www.ki-management.com\/1603\/webinar-anmeldung\/"]}]},{"@type":"ImageObject","inLanguage":"en-US","@id":"https:\/\/www.ki-management.com\/1603\/webinar-anmeldung\/#primaryimage","url":"https:\/\/www.ki-management.com\/wp-content\/uploads\/2021\/08\/Webinar-Post-wenig-Text-scaled-e1629300712260.jpg","contentUrl":"https:\/\/www.ki-management.com\/wp-content\/uploads\/2021\/08\/Webinar-Post-wenig-Text-scaled-e1629300712260.jpg","width":2560,"height":934},{"@type":"BreadcrumbList","@id":"https:\/\/www.ki-management.com\/1603\/webinar-anmeldung\/#breadcrumb","itemListElement":[{"@type":"ListItem","position":1,"name":"Startseite","item":"https:\/\/www.ki-management.com\/"},{"@type":"ListItem","position":2,"name":"[:de]Webinar-Serie: Digitale Pers\u00f6nlichkeitsdiagnostik \u2013 Erfahrungen aus der Praxis[:]"}]},{"@type":"WebSite","@id":"https:\/\/www.ki-management.com\/#website","url":"https:\/\/www.ki-management.com\/","name":"Cologne Institute for Management Consulting","description":"","publisher":{"@id":"https:\/\/www.ki-management.com\/#organization"},"potentialAction":[{"@type":"SearchAction","target":{"@type":"EntryPoint","urlTemplate":"https:\/\/www.ki-management.com\/?s={search_term_string}"},"query-input":{"@type":"PropertyValueSpecification","valueRequired":true,"valueName":"search_term_string"}}],"inLanguage":"en-US"},{"@type":"Organization","@id":"https:\/\/www.ki-management.com\/#organization","name":"Cologne Institute for Management Consulting","url":"https:\/\/www.ki-management.com\/","logo":{"@type":"ImageObject","inLanguage":"en-US","@id":"https:\/\/www.ki-management.com\/#\/schema\/logo\/image\/","url":"https:\/\/www.ki-management.com\/wp-content\/uploads\/2025\/05\/K.I.M_Logo_pos.svg","contentUrl":"https:\/\/www.ki-management.com\/wp-content\/uploads\/2025\/05\/K.I.M_Logo_pos.svg","width":100,"height":100,"caption":"K\u00f6lner Institut f\u00fcr Managementberatung"},"image":{"@id":"https:\/\/www.ki-management.com\/#\/schema\/logo\/image\/"}},{"@type":"Person","@id":"https:\/\/www.ki-management.com\/#\/schema\/person\/01147fff2b1f7eb8c15ab402c0cb8b1d","name":"Kim Johannsen","description":"E-Mail: kim.johannsen@moveup.de Telefon: +49 123 456789","url":"https:\/\/www.ki-management.com\/en\/author\/k-johannsen\/"}]}},"spectra_custom_meta":{"wp_statistics_words_count":["171"],"_thumbnail_id":["1616"],"_yoast_wpseo_metadesc":["{:de}In unserer Webinar-Serie teilen wir Konzepte und Erfahrungswerte zum Einsatz digitaler Pers\u00f6nlichkeitsdiagnostik. Meldet euch kostenlos an!{:}"],"_yoast_wpseo_content_score":["30"],"_yoast_wpseo_is_cornerstone":["1"],"_yoast_wpseo_estimated-reading-time-minutes":["1"],"_yoast_wpseo_primary_category":["1"],"_uag_css_file_name":["uag-css-1603.css"]},"uagb_featured_image_src":{"full":["https:\/\/www.ki-management.com\/wp-content\/uploads\/2021\/08\/Webinar-Post-wenig-Text-scaled-e1629300712260.jpg",2560,934,false],"thumbnail":["https:\/\/www.ki-management.com\/wp-content\/uploads\/2021\/08\/Webinar-Post-wenig-Text-scaled-e1629300712260-150x150.jpg",150,150,true],"medium":["https:\/\/www.ki-management.com\/wp-content\/uploads\/2021\/08\/Webinar-Post-wenig-Text-scaled-e1629300712260-300x109.jpg",300,109,true],"medium_large":["https:\/\/www.ki-management.com\/wp-content\/uploads\/2021\/08\/Webinar-Post-wenig-Text-scaled-e1629300712260-768x280.jpg",768,280,true],"large":["https:\/\/www.ki-management.com\/wp-content\/uploads\/2021\/08\/Webinar-Post-wenig-Text-scaled-e1629300712260-1024x374.jpg",1024,374,true],"1536x1536":["https:\/\/www.ki-management.com\/wp-content\/uploads\/2021\/08\/Webinar-Post-wenig-Text-scaled-e1629300712260-1536x560.jpg",1536,560,true],"2048x2048":["https:\/\/www.ki-management.com\/wp-content\/uploads\/2021\/08\/Webinar-Post-wenig-Text-scaled-e1629300712260-2048x747.jpg",2048,747,true],"trp-custom-language-flag":["https:\/\/www.ki-management.com\/wp-content\/uploads\/2021\/08\/Webinar-Post-wenig-Text-scaled-e1629300712260.jpg",18,7,false],"3-2-Thumb":["https:\/\/www.ki-management.com\/wp-content\/uploads\/2021\/08\/Webinar-Post-wenig-Text-scaled-e1629300712260-640x480.jpg",640,480,true],"SquareThumb":["https:\/\/www.ki-management.com\/wp-content\/uploads\/2021\/08\/Webinar-Post-wenig-Text-scaled-e1629300712260-960x934.jpg",960,934,true],"16-9-Thumb":["https:\/\/www.ki-management.com\/wp-content\/uploads\/2021\/08\/Webinar-Post-wenig-Text-scaled-e1629300712260-960x540.jpg",960,540,true],"SquareBig":["https:\/\/www.ki-management.com\/wp-content\/uploads\/2021\/08\/Webinar-Post-wenig-Text-scaled-e1629300712260-1920x934.jpg",1920,934,true],"16-9-Big":["https:\/\/www.ki-management.com\/wp-content\/uploads\/2021\/08\/Webinar-Post-wenig-Text-scaled-e1629300712260-1980x934.jpg",1980,934,true]},"uagb_author_info":{"display_name":"Kim Johannsen","author_link":"https:\/\/www.ki-management.com\/en\/author\/k-johannsen\/"},"uagb_comment_info":0,"uagb_excerpt":"[:de][:de][:de]Eine aktuelle Trendstudie zeigt: Von deutschen Unternehmen werden vermehrt online-basierte Verfahren, z.B. digitale Pers\u00f6nlichkeitstests, eingesetzt. Welche Herausforderungen die digitale Bewerberansprache mit sich bringt und wie digitale Testformate erfolgreich in der Praxis implementiert werden k\u00f6nnen, erfahrt ihr in unserer kostenfreien Webinar-Serie \u201eDigitale Pers\u00f6nlichkeitsdiagnostik \u2013 Erfahrungen aus der Praxis\u201c. Andr\u00e9 Findeisen, Susanne Beyhoff und Thomas Schlosser pr\u00e4sentieren&hellip;","_links":{"self":[{"href":"https:\/\/www.ki-management.com\/en\/wp-json\/wp\/v2\/posts\/1603","targetHints":{"allow":["GET"]}}],"collection":[{"href":"https:\/\/www.ki-management.com\/en\/wp-json\/wp\/v2\/posts"}],"about":[{"href":"https:\/\/www.ki-management.com\/en\/wp-json\/wp\/v2\/types\/post"}],"author":[{"embeddable":true,"href":"https:\/\/www.ki-management.com\/en\/wp-json\/wp\/v2\/users\/2"}],"replies":[{"embeddable":true,"href":"https:\/\/www.ki-management.com\/en\/wp-json\/wp\/v2\/comments?post=1603"}],"version-history":[{"count":0,"href":"https:\/\/www.ki-management.com\/en\/wp-json\/wp\/v2\/posts\/1603\/revisions"}],"wp:featuredmedia":[{"embeddable":true,"href":"https:\/\/www.ki-management.com\/en\/wp-json\/wp\/v2\/media\/1616"}],"wp:attachment":[{"href":"https:\/\/www.ki-management.com\/en\/wp-json\/wp\/v2\/media?parent=1603"}],"wp:term":[{"taxonomy":"category","embeddable":true,"href":"https:\/\/www.ki-management.com\/en\/wp-json\/wp\/v2\/categories?post=1603"},{"taxonomy":"post_tag","embeddable":true,"href":"https:\/\/www.ki-management.com\/en\/wp-json\/wp\/v2\/tags?post=1603"}],"curies":[{"name":"wp","href":"https:\/\/api.w.org\/{rel}","templated":true}]}}