{"id":1866,"date":"2022-05-02T13:37:12","date_gmt":"2022-05-02T11:37:12","guid":{"rendered":"https:\/\/blog.ki-management.com\/?p=1866"},"modified":"2022-05-02T13:37:12","modified_gmt":"2022-05-02T11:37:12","slug":"unsere-kollegin-kathrin-im-interview","status":"publish","type":"post","link":"https:\/\/www.ki-management.com\/en\/1866\/unsere-kollegin-kathrin-im-interview\/","title":{"rendered":"[:de]Unsere Kollegin Kathrin im Interview[:]"},"content":{"rendered":"<p>[:de]Wir freuen uns, dass Kathrin Burmann nach dreieinhalb Jahren freiberuflicher T\u00e4tigkeit bei der KI.Group nun fester Teil des KI.M-Teams ist und ihr Wissen und ihre Erfahrung in Beratungsprojekten einbringt. Lernt Kathrin im Interview doch genauer beruflich sowie pers\u00f6nlich kennen.<\/p>\n<p><strong>Erz\u00e4hl uns mehr \u00fcber dich &#8211; Wer bist du?<\/strong><\/p>\n<blockquote><p>Ich bin Kathrin Burmann, Psychologin und in den Endz\u00fcgen meiner Promotion im Fach Betriebswirtschaftslehre. F\u00fcr mich war fr\u00fch klar, dass ich gerne im Beratungskontext arbeiten will. Daher habe ich w\u00e4hrend meines Psychologiestudiums und meiner Anstellung als wissenschaftliche Mitarbeiterin an der Universit\u00e4t Trier die Ausbildung zur Trainerin in der Personalentwicklung absolviert und als freie Mitarbeiterin in mehreren Unternehmensberatungen gearbeitet. Zuletzt war ich dreieinhalb Jahre freiberuflich bei der KI.Group aktiv. Der Ansatz und die Philosophie vom KI.M hat mir so gut gefallen, dass ich mich gl\u00fccklich sch\u00e4tze, jetzt als festangestellte Beraterin mein Wissen sowie meine Erfahrung im KI.M einzubringen. Ich freue mich sehr auf die anstehenden Beratungsprojekte und pers\u00f6nlichen Entwicklungsm\u00f6glichkeiten.<\/p><\/blockquote>\n<p><strong>Keine falsche Scheu &#8211; Wodurch hast du uns im Bewerbungsgespr\u00e4ch von dir \u00fcberzeugt?<\/strong><\/p>\n<blockquote><p>Mein Herzensanliegen ist es, fachlich sowie pers\u00f6nlich geeignete Kandidat*innen in Auswahlprozessen zu finden und Menschen in ihrer pers\u00f6nlichen und beruflichen Weiterentwicklung zu unterst\u00fctzen. Das gelingt mir -neben meinen fachlichen und analytischen Kompetenzen- vor allem durch meine Unvoreingenommenheit, Empathie sowie meine F\u00e4higkeit, Menschen zuzuh\u00f6ren. Dar\u00fcber hinaus interessiere ich mich f\u00fcr aktuelle wissenschaftliche Erkenntnisse und Entwicklungen und integriere diese gerne in die Beratung, um unseren Kunden wissenschaftlich fundierte Verfahren und Trainings anzubieten.<\/p><\/blockquote>\n<p><strong>Verstand, Herz oder Mut \u2013 Welcher Baustein der K.IM-Beratung spricht dich am meisten an und warum?<\/strong><\/p>\n<blockquote><p>Ganz klar Herz &#8211; auch wenn Verstand und Mut in der Beratung nicht fehlen d\u00fcrfen. Mir ist es wichtig, Menschen mit offenem Herzen zu begegnen, sie und ihre Belange zu verstehen und entsprechend passgenaue Beratungsformate zu entwickeln, um sie optimal auf ihrem individuellen Weg zu begleiten. Zugleich hilft mir dieser Baustein meinen Job mit viel Energie, Tatendrang und Freude auszu\u00fcben.<\/p><\/blockquote>\n<p><strong>Ab in die Zukunft &#8211; Welches technische Gimmick w\u00fcrdest du erfinden, das dir im Job oder Zuhause das Leben leichter macht? <\/strong><\/p>\n<blockquote><p>Ich w\u00fcrde mich f\u00fcr einen Hochgeschwindigkeitszug oder ein Flugtaxi zwischen Trier und K\u00f6ln einsetzen, um schneller zwischen meinem Wohnort und dem KI.M pendeln zu k\u00f6nnen. Dennoch sch\u00e4tze ich es sehr, im Rheinland zu arbeiten und an der Mosel zu wohnen. F\u00fcr mich ist diese Kombination der Inbegriff f\u00fcr eine perfekte Work-Life-Balance.<\/p><\/blockquote>\n<p><strong>Ob Reiseziel, Unternehmung oder Aktivit\u00e4t &#8211; Was steht ganz oben auf deiner Bucket-List?<\/strong><\/p>\n<blockquote><p>Als fr\u00fchere Triathletin wollte ich schon immer mal beim gr\u00f6\u00dften Stra\u00dfenmarathon der Welt in New York mitlaufen. Die Stimmung muss so mitrei\u00dfend sein, dass ich mich gerne von dieser Atmosph\u00e4re anstecken lassen will &#8211; in der Hoffnung, dass mir die 42,195 km dann nicht mehr so lang vorkommen. \ud83d\ude0a<\/p><\/blockquote>\n<p><strong>Herzlich Willkommen im KI.M, Kathrin!<\/strong>[:]<\/p>\n","protected":false},"excerpt":{"rendered":"<p>[:de]Wir freuen uns, dass Kathrin Burmann nach dreieinhalb Jahren freiberuflicher T\u00e4tigkeit bei der KI.Group nun fester Teil des KI.M-Teams ist und ihr Wissen und ihre Erfahrung in Beratungsprojekten einbringt. Lernt Kathrin im Interview doch genauer beruflich sowie pers\u00f6nlich kennen. Erz\u00e4hl uns mehr \u00fcber dich &#8211; Wer bist du? Ich bin Kathrin Burmann, Psychologin und in &#8230; <a title=\"[:de]Unsere Kollegin Kathrin im Interview[:]\" class=\"read-more\" href=\"https:\/\/www.ki-management.com\/en\/1866\/unsere-kollegin-kathrin-im-interview\/\" aria-label=\"Read more about [:de]Unsere Kollegin Kathrin im Interview[:]\">Weiterlesen &#8230;<\/a><\/p>\n","protected":false},"author":2,"featured_media":1867,"comment_status":"open","ping_status":"closed","sticky":false,"template":"","format":"standard","meta":{"inline_featured_image":false,"_uag_custom_page_level_css":"","footnotes":""},"categories":[7,11],"tags":[],"class_list":["post-1866","post","type-post","status-publish","format-standard","has-post-thumbnail","hentry","category-intern","category-news","generate-columns","tablet-grid-50","mobile-grid-100","grid-parent","grid-50"],"yoast_head":"<!-- This site is optimized with the Yoast SEO plugin v27.5 - https:\/\/yoast.com\/product\/yoast-seo-wordpress\/ -->\n<title>[:de]Unsere Kollegin Kathrin im Interview[:] - K\u00f6lner Institut f\u00fcr Managementberatung<\/title>\n<meta name=\"description\" content=\"{:de}Unsere Kollegin Kathrin stellt sich vor. Lernt Kathrin im Interview doch genauer beruflich sowie pers\u00f6nlich kennen.{:}\" \/>\n<meta name=\"robots\" content=\"index, follow, max-snippet:-1, max-image-preview:large, max-video-preview:-1\" \/>\n<link rel=\"canonical\" href=\"https:\/\/www.ki-management.com\/en\/1866\/unsere-kollegin-kathrin-im-interview\/\" \/>\n<meta property=\"og:locale\" content=\"en_US\" \/>\n<meta property=\"og:type\" content=\"article\" \/>\n<meta property=\"og:title\" content=\"[:de]Unsere Kollegin Kathrin im Interview[:] - K\u00f6lner Institut f\u00fcr Managementberatung\" \/>\n<meta property=\"og:description\" content=\"{:de}Unsere Kollegin Kathrin stellt sich vor. Lernt Kathrin im Interview doch genauer beruflich sowie pers\u00f6nlich kennen.{:}\" \/>\n<meta property=\"og:url\" content=\"https:\/\/www.ki-management.com\/en\/1866\/unsere-kollegin-kathrin-im-interview\/\" \/>\n<meta property=\"og:site_name\" content=\"K\u00f6lner Institut f\u00fcr Managementberatung\" \/>\n<meta property=\"article:published_time\" content=\"2022-05-02T11:37:12+00:00\" \/>\n<meta property=\"og:image\" content=\"https:\/\/www.ki-management.com\/wp-content\/uploads\/2022\/04\/IMG_3922-scaled-e1657622387897.jpg\" \/>\n\t<meta property=\"og:image:width\" content=\"1920\" \/>\n\t<meta property=\"og:image:height\" content=\"676\" \/>\n\t<meta property=\"og:image:type\" content=\"image\/jpeg\" \/>\n<meta name=\"author\" content=\"Kim Johannsen\" \/>\n<meta name=\"twitter:card\" content=\"summary_large_image\" \/>\n<meta name=\"twitter:label1\" content=\"Written by\" \/>\n\t<meta name=\"twitter:data1\" content=\"Kim Johannsen\" \/>\n\t<meta name=\"twitter:label2\" content=\"Est. reading time\" \/>\n\t<meta name=\"twitter:data2\" content=\"2 minutes\" \/>\n<script type=\"application\/ld+json\" class=\"yoast-schema-graph\">{\"@context\":\"https:\\\/\\\/schema.org\",\"@graph\":[{\"@type\":\"Article\",\"@id\":\"https:\\\/\\\/www.ki-management.com\\\/1866\\\/unsere-kollegin-kathrin-im-interview\\\/#article\",\"isPartOf\":{\"@id\":\"https:\\\/\\\/www.ki-management.com\\\/1866\\\/unsere-kollegin-kathrin-im-interview\\\/\"},\"author\":{\"name\":\"Kim Johannsen\",\"@id\":\"https:\\\/\\\/www.ki-management.com\\\/#\\\/schema\\\/person\\\/01147fff2b1f7eb8c15ab402c0cb8b1d\"},\"headline\":\"[:de]Unsere Kollegin Kathrin im Interview[:]\",\"datePublished\":\"2022-05-02T11:37:12+00:00\",\"mainEntityOfPage\":{\"@id\":\"https:\\\/\\\/www.ki-management.com\\\/1866\\\/unsere-kollegin-kathrin-im-interview\\\/\"},\"wordCount\":503,\"commentCount\":0,\"publisher\":{\"@id\":\"https:\\\/\\\/www.ki-management.com\\\/#organization\"},\"image\":{\"@id\":\"https:\\\/\\\/www.ki-management.com\\\/1866\\\/unsere-kollegin-kathrin-im-interview\\\/#primaryimage\"},\"thumbnailUrl\":\"https:\\\/\\\/www.ki-management.com\\\/wp-content\\\/uploads\\\/2022\\\/04\\\/IMG_3922-scaled-e1657622387897.jpg\",\"articleSection\":[\"intern\",\"news\"],\"inLanguage\":\"en-US\",\"potentialAction\":[{\"@type\":\"CommentAction\",\"name\":\"Comment\",\"target\":[\"https:\\\/\\\/www.ki-management.com\\\/1866\\\/unsere-kollegin-kathrin-im-interview\\\/#respond\"]}]},{\"@type\":\"WebPage\",\"@id\":\"https:\\\/\\\/www.ki-management.com\\\/1866\\\/unsere-kollegin-kathrin-im-interview\\\/\",\"url\":\"https:\\\/\\\/www.ki-management.com\\\/1866\\\/unsere-kollegin-kathrin-im-interview\\\/\",\"name\":\"[:de]Unsere Kollegin Kathrin im Interview[:] - K\u00f6lner Institut f\u00fcr Managementberatung\",\"isPartOf\":{\"@id\":\"https:\\\/\\\/www.ki-management.com\\\/#website\"},\"primaryImageOfPage\":{\"@id\":\"https:\\\/\\\/www.ki-management.com\\\/1866\\\/unsere-kollegin-kathrin-im-interview\\\/#primaryimage\"},\"image\":{\"@id\":\"https:\\\/\\\/www.ki-management.com\\\/1866\\\/unsere-kollegin-kathrin-im-interview\\\/#primaryimage\"},\"thumbnailUrl\":\"https:\\\/\\\/www.ki-management.com\\\/wp-content\\\/uploads\\\/2022\\\/04\\\/IMG_3922-scaled-e1657622387897.jpg\",\"datePublished\":\"2022-05-02T11:37:12+00:00\",\"description\":\"{:de}Unsere Kollegin Kathrin stellt sich vor. Lernt Kathrin im Interview doch genauer beruflich sowie pers\u00f6nlich kennen.{:}\",\"breadcrumb\":{\"@id\":\"https:\\\/\\\/www.ki-management.com\\\/1866\\\/unsere-kollegin-kathrin-im-interview\\\/#breadcrumb\"},\"inLanguage\":\"en-US\",\"potentialAction\":[{\"@type\":\"ReadAction\",\"target\":[\"https:\\\/\\\/www.ki-management.com\\\/1866\\\/unsere-kollegin-kathrin-im-interview\\\/\"]}]},{\"@type\":\"ImageObject\",\"inLanguage\":\"en-US\",\"@id\":\"https:\\\/\\\/www.ki-management.com\\\/1866\\\/unsere-kollegin-kathrin-im-interview\\\/#primaryimage\",\"url\":\"https:\\\/\\\/www.ki-management.com\\\/wp-content\\\/uploads\\\/2022\\\/04\\\/IMG_3922-scaled-e1657622387897.jpg\",\"contentUrl\":\"https:\\\/\\\/www.ki-management.com\\\/wp-content\\\/uploads\\\/2022\\\/04\\\/IMG_3922-scaled-e1657622387897.jpg\",\"width\":1920,\"height\":676},{\"@type\":\"BreadcrumbList\",\"@id\":\"https:\\\/\\\/www.ki-management.com\\\/1866\\\/unsere-kollegin-kathrin-im-interview\\\/#breadcrumb\",\"itemListElement\":[{\"@type\":\"ListItem\",\"position\":1,\"name\":\"Startseite\",\"item\":\"https:\\\/\\\/www.ki-management.com\\\/\"},{\"@type\":\"ListItem\",\"position\":2,\"name\":\"[:de]Unsere Kollegin Kathrin im Interview[:]\"}]},{\"@type\":\"WebSite\",\"@id\":\"https:\\\/\\\/www.ki-management.com\\\/#website\",\"url\":\"https:\\\/\\\/www.ki-management.com\\\/\",\"name\":\"K\u00f6lner Institut f\u00fcr Managementberatung\",\"description\":\"\",\"publisher\":{\"@id\":\"https:\\\/\\\/www.ki-management.com\\\/#organization\"},\"potentialAction\":[{\"@type\":\"SearchAction\",\"target\":{\"@type\":\"EntryPoint\",\"urlTemplate\":\"https:\\\/\\\/www.ki-management.com\\\/?s={search_term_string}\"},\"query-input\":{\"@type\":\"PropertyValueSpecification\",\"valueRequired\":true,\"valueName\":\"search_term_string\"}}],\"inLanguage\":\"en-US\"},{\"@type\":\"Organization\",\"@id\":\"https:\\\/\\\/www.ki-management.com\\\/#organization\",\"name\":\"K\u00f6lner Institut f\u00fcr Managementberatung\",\"url\":\"https:\\\/\\\/www.ki-management.com\\\/\",\"logo\":{\"@type\":\"ImageObject\",\"inLanguage\":\"en-US\",\"@id\":\"https:\\\/\\\/www.ki-management.com\\\/#\\\/schema\\\/logo\\\/image\\\/\",\"url\":\"https:\\\/\\\/www.ki-management.com\\\/wp-content\\\/uploads\\\/2025\\\/05\\\/K.I.M_Logo_pos.svg\",\"contentUrl\":\"https:\\\/\\\/www.ki-management.com\\\/wp-content\\\/uploads\\\/2025\\\/05\\\/K.I.M_Logo_pos.svg\",\"width\":100,\"height\":100,\"caption\":\"K\u00f6lner Institut f\u00fcr Managementberatung\"},\"image\":{\"@id\":\"https:\\\/\\\/www.ki-management.com\\\/#\\\/schema\\\/logo\\\/image\\\/\"}},{\"@type\":\"Person\",\"@id\":\"https:\\\/\\\/www.ki-management.com\\\/#\\\/schema\\\/person\\\/01147fff2b1f7eb8c15ab402c0cb8b1d\",\"name\":\"Kim Johannsen\",\"description\":\"E-Mail: kim.johannsen@moveup.de Telefon: +49 123 456789\",\"url\":\"https:\\\/\\\/www.ki-management.com\\\/en\\\/author\\\/k-johannsen\\\/\"}]}<\/script>\n<!-- \/ Yoast SEO plugin. -->","yoast_head_json":{"title":"[:de]Unsere Kollegin Kathrin im Interview[:] - K\u00f6lner Institut f\u00fcr Managementberatung","description":"{:de}Unsere Kollegin Kathrin stellt sich vor. Lernt Kathrin im Interview doch genauer beruflich sowie pers\u00f6nlich kennen.{:}","robots":{"index":"index","follow":"follow","max-snippet":"max-snippet:-1","max-image-preview":"max-image-preview:large","max-video-preview":"max-video-preview:-1"},"canonical":"https:\/\/www.ki-management.com\/en\/1866\/unsere-kollegin-kathrin-im-interview\/","og_locale":"en_US","og_type":"article","og_title":"[:de]Unsere Kollegin Kathrin im Interview[:] - K\u00f6lner Institut f\u00fcr Managementberatung","og_description":"{:de}Unsere Kollegin Kathrin stellt sich vor. Lernt Kathrin im Interview doch genauer beruflich sowie pers\u00f6nlich kennen.{:}","og_url":"https:\/\/www.ki-management.com\/en\/1866\/unsere-kollegin-kathrin-im-interview\/","og_site_name":"K\u00f6lner Institut f\u00fcr Managementberatung","article_published_time":"2022-05-02T11:37:12+00:00","og_image":[{"width":1920,"height":676,"url":"https:\/\/www.ki-management.com\/wp-content\/uploads\/2022\/04\/IMG_3922-scaled-e1657622387897.jpg","type":"image\/jpeg"}],"author":"Kim Johannsen","twitter_card":"summary_large_image","twitter_misc":{"Written by":"Kim Johannsen","Est. reading time":"2 minutes"},"schema":{"@context":"https:\/\/schema.org","@graph":[{"@type":"Article","@id":"https:\/\/www.ki-management.com\/1866\/unsere-kollegin-kathrin-im-interview\/#article","isPartOf":{"@id":"https:\/\/www.ki-management.com\/1866\/unsere-kollegin-kathrin-im-interview\/"},"author":{"name":"Kim Johannsen","@id":"https:\/\/www.ki-management.com\/#\/schema\/person\/01147fff2b1f7eb8c15ab402c0cb8b1d"},"headline":"[:de]Unsere Kollegin Kathrin im Interview[:]","datePublished":"2022-05-02T11:37:12+00:00","mainEntityOfPage":{"@id":"https:\/\/www.ki-management.com\/1866\/unsere-kollegin-kathrin-im-interview\/"},"wordCount":503,"commentCount":0,"publisher":{"@id":"https:\/\/www.ki-management.com\/#organization"},"image":{"@id":"https:\/\/www.ki-management.com\/1866\/unsere-kollegin-kathrin-im-interview\/#primaryimage"},"thumbnailUrl":"https:\/\/www.ki-management.com\/wp-content\/uploads\/2022\/04\/IMG_3922-scaled-e1657622387897.jpg","articleSection":["intern","news"],"inLanguage":"en-US","potentialAction":[{"@type":"CommentAction","name":"Comment","target":["https:\/\/www.ki-management.com\/1866\/unsere-kollegin-kathrin-im-interview\/#respond"]}]},{"@type":"WebPage","@id":"https:\/\/www.ki-management.com\/1866\/unsere-kollegin-kathrin-im-interview\/","url":"https:\/\/www.ki-management.com\/1866\/unsere-kollegin-kathrin-im-interview\/","name":"[:de]Unsere Kollegin Kathrin im Interview[:] - K\u00f6lner Institut f\u00fcr Managementberatung","isPartOf":{"@id":"https:\/\/www.ki-management.com\/#website"},"primaryImageOfPage":{"@id":"https:\/\/www.ki-management.com\/1866\/unsere-kollegin-kathrin-im-interview\/#primaryimage"},"image":{"@id":"https:\/\/www.ki-management.com\/1866\/unsere-kollegin-kathrin-im-interview\/#primaryimage"},"thumbnailUrl":"https:\/\/www.ki-management.com\/wp-content\/uploads\/2022\/04\/IMG_3922-scaled-e1657622387897.jpg","datePublished":"2022-05-02T11:37:12+00:00","description":"{:de}Unsere Kollegin Kathrin stellt sich vor. Lernt Kathrin im Interview doch genauer beruflich sowie pers\u00f6nlich kennen.{:}","breadcrumb":{"@id":"https:\/\/www.ki-management.com\/1866\/unsere-kollegin-kathrin-im-interview\/#breadcrumb"},"inLanguage":"en-US","potentialAction":[{"@type":"ReadAction","target":["https:\/\/www.ki-management.com\/1866\/unsere-kollegin-kathrin-im-interview\/"]}]},{"@type":"ImageObject","inLanguage":"en-US","@id":"https:\/\/www.ki-management.com\/1866\/unsere-kollegin-kathrin-im-interview\/#primaryimage","url":"https:\/\/www.ki-management.com\/wp-content\/uploads\/2022\/04\/IMG_3922-scaled-e1657622387897.jpg","contentUrl":"https:\/\/www.ki-management.com\/wp-content\/uploads\/2022\/04\/IMG_3922-scaled-e1657622387897.jpg","width":1920,"height":676},{"@type":"BreadcrumbList","@id":"https:\/\/www.ki-management.com\/1866\/unsere-kollegin-kathrin-im-interview\/#breadcrumb","itemListElement":[{"@type":"ListItem","position":1,"name":"Startseite","item":"https:\/\/www.ki-management.com\/"},{"@type":"ListItem","position":2,"name":"[:de]Unsere Kollegin Kathrin im Interview[:]"}]},{"@type":"WebSite","@id":"https:\/\/www.ki-management.com\/#website","url":"https:\/\/www.ki-management.com\/","name":"Cologne Institute for Management Consulting","description":"","publisher":{"@id":"https:\/\/www.ki-management.com\/#organization"},"potentialAction":[{"@type":"SearchAction","target":{"@type":"EntryPoint","urlTemplate":"https:\/\/www.ki-management.com\/?s={search_term_string}"},"query-input":{"@type":"PropertyValueSpecification","valueRequired":true,"valueName":"search_term_string"}}],"inLanguage":"en-US"},{"@type":"Organization","@id":"https:\/\/www.ki-management.com\/#organization","name":"Cologne Institute for Management Consulting","url":"https:\/\/www.ki-management.com\/","logo":{"@type":"ImageObject","inLanguage":"en-US","@id":"https:\/\/www.ki-management.com\/#\/schema\/logo\/image\/","url":"https:\/\/www.ki-management.com\/wp-content\/uploads\/2025\/05\/K.I.M_Logo_pos.svg","contentUrl":"https:\/\/www.ki-management.com\/wp-content\/uploads\/2025\/05\/K.I.M_Logo_pos.svg","width":100,"height":100,"caption":"K\u00f6lner Institut f\u00fcr Managementberatung"},"image":{"@id":"https:\/\/www.ki-management.com\/#\/schema\/logo\/image\/"}},{"@type":"Person","@id":"https:\/\/www.ki-management.com\/#\/schema\/person\/01147fff2b1f7eb8c15ab402c0cb8b1d","name":"Kim Johannsen","description":"E-Mail: kim.johannsen@moveup.de Telefon: +49 123 456789","url":"https:\/\/www.ki-management.com\/en\/author\/k-johannsen\/"}]}},"spectra_custom_meta":{"wp_statistics_words_count":["444"],"_edit_last":["2"],"_thumbnail_id":["1867"],"_yoast_wpseo_content_score":["90"],"_yoast_wpseo_estimated-reading-time-minutes":[""],"_yoast_wpseo_metadesc":["{:de}Unsere Kollegin Kathrin stellt sich vor. Lernt Kathrin im Interview doch genauer beruflich sowie pers\u00f6nlich kennen.{:}"],"_yoast_wpseo_wordproof_timestamp":[""],"_uag_css_file_name":["uag-css-1866.css"]},"uagb_featured_image_src":{"full":["https:\/\/www.ki-management.com\/wp-content\/uploads\/2022\/04\/IMG_3922-scaled-e1657622387897.jpg",1920,676,false],"thumbnail":["https:\/\/www.ki-management.com\/wp-content\/uploads\/2022\/04\/IMG_3922-scaled-e1657622387897-150x150.jpg",150,150,true],"medium":["https:\/\/www.ki-management.com\/wp-content\/uploads\/2022\/04\/IMG_3922-scaled-e1657622387897-300x106.jpg",300,106,true],"medium_large":["https:\/\/www.ki-management.com\/wp-content\/uploads\/2022\/04\/IMG_3922-scaled-e1657622387897-768x270.jpg",768,270,true],"large":["https:\/\/www.ki-management.com\/wp-content\/uploads\/2022\/04\/IMG_3922-scaled-e1657622387897-1024x361.jpg",1024,361,true],"1536x1536":["https:\/\/www.ki-management.com\/wp-content\/uploads\/2022\/04\/IMG_3922-scaled-e1657622387897-1536x541.jpg",1536,541,true],"2048x2048":["https:\/\/www.ki-management.com\/wp-content\/uploads\/2022\/04\/IMG_3922-scaled-e1657622387897.jpg",1920,676,false],"trp-custom-language-flag":["https:\/\/www.ki-management.com\/wp-content\/uploads\/2022\/04\/IMG_3922-scaled-e1657622387897.jpg",18,6,false],"3-2-Thumb":["https:\/\/www.ki-management.com\/wp-content\/uploads\/2022\/04\/IMG_3922-scaled-e1657622387897-640x480.jpg",640,480,true],"SquareThumb":["https:\/\/www.ki-management.com\/wp-content\/uploads\/2022\/04\/IMG_3922-scaled-e1657622387897-960x676.jpg",960,676,true],"16-9-Thumb":["https:\/\/www.ki-management.com\/wp-content\/uploads\/2022\/04\/IMG_3922-scaled-e1657622387897-960x540.jpg",960,540,true],"SquareBig":["https:\/\/www.ki-management.com\/wp-content\/uploads\/2022\/04\/IMG_3922-scaled-e1657622387897.jpg",1920,676,false],"16-9-Big":["https:\/\/www.ki-management.com\/wp-content\/uploads\/2022\/04\/IMG_3922-scaled-e1657622387897.jpg",1920,676,false]},"uagb_author_info":{"display_name":"Kim Johannsen","author_link":"https:\/\/www.ki-management.com\/en\/author\/k-johannsen\/"},"uagb_comment_info":0,"uagb_excerpt":"[:de]Wir freuen uns, dass Kathrin Burmann nach dreieinhalb Jahren freiberuflicher T\u00e4tigkeit bei der KI.Group nun fester Teil des KI.M-Teams ist und ihr Wissen und ihre Erfahrung in Beratungsprojekten einbringt. Lernt Kathrin im Interview doch genauer beruflich sowie pers\u00f6nlich kennen. Erz\u00e4hl uns mehr \u00fcber dich &#8211; Wer bist du? Ich bin Kathrin Burmann, Psychologin und in&hellip;","_links":{"self":[{"href":"https:\/\/www.ki-management.com\/en\/wp-json\/wp\/v2\/posts\/1866","targetHints":{"allow":["GET"]}}],"collection":[{"href":"https:\/\/www.ki-management.com\/en\/wp-json\/wp\/v2\/posts"}],"about":[{"href":"https:\/\/www.ki-management.com\/en\/wp-json\/wp\/v2\/types\/post"}],"author":[{"embeddable":true,"href":"https:\/\/www.ki-management.com\/en\/wp-json\/wp\/v2\/users\/2"}],"replies":[{"embeddable":true,"href":"https:\/\/www.ki-management.com\/en\/wp-json\/wp\/v2\/comments?post=1866"}],"version-history":[{"count":0,"href":"https:\/\/www.ki-management.com\/en\/wp-json\/wp\/v2\/posts\/1866\/revisions"}],"wp:featuredmedia":[{"embeddable":true,"href":"https:\/\/www.ki-management.com\/en\/wp-json\/wp\/v2\/media\/1867"}],"wp:attachment":[{"href":"https:\/\/www.ki-management.com\/en\/wp-json\/wp\/v2\/media?parent=1866"}],"wp:term":[{"taxonomy":"category","embeddable":true,"href":"https:\/\/www.ki-management.com\/en\/wp-json\/wp\/v2\/categories?post=1866"},{"taxonomy":"post_tag","embeddable":true,"href":"https:\/\/www.ki-management.com\/en\/wp-json\/wp\/v2\/tags?post=1866"}],"curies":[{"name":"wp","href":"https:\/\/api.w.org\/{rel}","templated":true}]}}