{"id":1906,"date":"2022-07-12T12:28:13","date_gmt":"2022-07-12T10:28:13","guid":{"rendered":"https:\/\/blog.ki-management.com\/?p=1906"},"modified":"2022-07-12T12:28:13","modified_gmt":"2022-07-12T10:28:13","slug":"wirtschaftspsychologie-4-0-das-ki-m-auf-der-25-fachtagung-der-gwps-in-koeln","status":"publish","type":"post","link":"https:\/\/www.ki-management.com\/en\/1906\/wirtschaftspsychologie-4-0-das-ki-m-auf-der-25-fachtagung-der-gwps-in-koeln\/","title":{"rendered":"[:de]Wirtschaftspsychologie 4.0 \u2013 Das KI.M auf der 25. Fachtagung der GWPs in K\u00f6ln[:]"},"content":{"rendered":"<p>[:de][:de]Im 2. Quartal dieses Jahres konnte die 25. Fachtagung der <a href=\"https:\/\/www.gwps-ev.de\/\">GWPs<\/a> (Gesellschaft f\u00fcr angewandte Wirtschaftspsychologie e.V.) nach einer zweij\u00e4hrigen pandemiebedingten Pause wieder in Pr\u00e4senz stattfinden. In den sch\u00f6nen R\u00e4umlichkeiten des Ausrichters, der Rheinische Fachhochschule K\u00f6ln, trafen sich ca. 150 Wirtschaftspsycholog*innen \u2013 unter anderem auch Mitarbeitende und Alumni des KI.M \u2013 f\u00fcr drei Tage unter dem Motto \u201eWirtschaftspsychologie 4.0 \u2013 Zukunft mitgestalten\u201c zum fachlichen und pers\u00f6nlichen Austausch.<\/p>\n<p>Neben spannenden Keynotes von Prof. Dr. Ralf Lanwehr mit dem Titel \u201eKennen Sie Tribbles? Wie wir die Pest der Endogenit\u00e4t in den Griff bekommen\u201c und von Frau Prof. Dr. Verena Nitsch zum Thema \u201eMenschengerechte Digitalisierung f\u00fcr sozial nachhaltige Arbeit\u201c gab es zahlreiche spannende Vortr\u00e4ge, welche allen Teilnehmenden einen Einblick in zahlreiche Forschungsthemen und Praxisprojekte geben konnten.<\/p>\n<p>Im Rahmen der Mitgliederversammlung wurde der KI.M-Gesch\u00e4ftsf\u00fchrer und amtierende GWPs-Pr\u00e4sident Prof. Dr. Christian Dries f\u00fcr die kommende Amtszeit erneut zum Pr\u00e4sidenten gew\u00e4hlt.<\/p>\n<p>Wenn auch du Mitglied bei der GWPs werden m\u00f6chtest, melde dich gerne <a href=\"https:\/\/www.gwps-ev.de\/mitglied-werden\/\">hier<\/a> an!<\/p>\n<p>[Best_Wordpress_Gallery id=&#8220;40&#8243; gal_title=&#8220;25. GWPs Fachtagung in K\u00f6ln&#8220;][:][:]<\/p>\n","protected":false},"excerpt":{"rendered":"<p>[:de][:de]Im 2. Quartal dieses Jahres konnte die 25. Fachtagung der GWPs (Gesellschaft f\u00fcr angewandte Wirtschaftspsychologie e.V.) nach einer zweij\u00e4hrigen pandemiebedingten Pause wieder in Pr\u00e4senz stattfinden. In den sch\u00f6nen R\u00e4umlichkeiten des Ausrichters, der Rheinische Fachhochschule K\u00f6ln, trafen sich ca. 150 Wirtschaftspsycholog*innen \u2013 unter anderem auch Mitarbeitende und Alumni des KI.M \u2013 f\u00fcr drei Tage unter dem &#8230; <a title=\"[:de]Wirtschaftspsychologie 4.0 \u2013 Das KI.M auf der 25. Fachtagung der GWPs in K\u00f6ln[:]\" class=\"read-more\" href=\"https:\/\/www.ki-management.com\/en\/1906\/wirtschaftspsychologie-4-0-das-ki-m-auf-der-25-fachtagung-der-gwps-in-koeln\/\" aria-label=\"Read more about [:de]Wirtschaftspsychologie 4.0 \u2013 Das KI.M auf der 25. Fachtagung der GWPs in K\u00f6ln[:]\">Weiterlesen &#8230;<\/a><\/p>\n","protected":false},"author":2,"featured_media":1926,"comment_status":"open","ping_status":"closed","sticky":false,"template":"","format":"standard","meta":{"inline_featured_image":false,"_uag_custom_page_level_css":"","footnotes":""},"categories":[5,9],"tags":[24,44,52,75],"class_list":["post-1906","post","type-post","status-publish","format-standard","has-post-thumbnail","hentry","category-engagiert","category-kooperativ","tag-austausch","tag-fachtagung","tag-gwps","tag-kongress","generate-columns","tablet-grid-50","mobile-grid-100","grid-parent","grid-50"],"yoast_head":"<!-- This site is optimized with the Yoast SEO plugin v27.5 - https:\/\/yoast.com\/product\/yoast-seo-wordpress\/ -->\n<title>[:de]Wirtschaftspsychologie 4.0 \u2013 Das KI.M auf der 25. Fachtagung der GWPs in K\u00f6ln[:] - K\u00f6lner Institut f\u00fcr Managementberatung<\/title>\n<meta name=\"description\" content=\"{:de}Im 2. Quartal dieses Jahres konnte die 25. Fachtagung der GWPs (Gesellschaft f\u00fcr angewandte Wirtschaftspsychologie e.V.) nach einer zweij\u00e4hrigen pandemiebedingten Pause wieder in Pr\u00e4senz stattfinden. In den sch\u00f6nen R\u00e4umlichkeiten des Ausrichters, der Rheinische Fachhochschule K\u00f6ln, trafen sich ca. 150 Wirtschaftspsycholog*innen \u2013 unter anderem auch Mitarbeitende und Alumni des KI.M \u2013 f\u00fcr drei Tage unter dem Motto \u201eWirtschaftspsychologie 4.0 \u2013 Zukunft mitgestalten\u201c zum fachlichen und pers\u00f6nlichen Austausch.{:}\" \/>\n<meta name=\"robots\" content=\"index, follow, max-snippet:-1, max-image-preview:large, max-video-preview:-1\" \/>\n<link rel=\"canonical\" href=\"https:\/\/www.ki-management.com\/en\/1906\/wirtschaftspsychologie-4-0-das-ki-m-auf-der-25-fachtagung-der-gwps-in-koeln\/\" \/>\n<meta property=\"og:locale\" content=\"en_US\" \/>\n<meta property=\"og:type\" content=\"article\" \/>\n<meta property=\"og:title\" content=\"[:de]Wirtschaftspsychologie 4.0 \u2013 Das KI.M auf der 25. Fachtagung der GWPs in K\u00f6ln[:] - K\u00f6lner Institut f\u00fcr Managementberatung\" \/>\n<meta property=\"og:description\" content=\"{:de}Im 2. Quartal dieses Jahres konnte die 25. Fachtagung der GWPs (Gesellschaft f\u00fcr angewandte Wirtschaftspsychologie e.V.) nach einer zweij\u00e4hrigen pandemiebedingten Pause wieder in Pr\u00e4senz stattfinden. In den sch\u00f6nen R\u00e4umlichkeiten des Ausrichters, der Rheinische Fachhochschule K\u00f6ln, trafen sich ca. 150 Wirtschaftspsycholog*innen \u2013 unter anderem auch Mitarbeitende und Alumni des KI.M \u2013 f\u00fcr drei Tage unter dem Motto \u201eWirtschaftspsychologie 4.0 \u2013 Zukunft mitgestalten\u201c zum fachlichen und pers\u00f6nlichen Austausch.{:}\" \/>\n<meta property=\"og:url\" content=\"https:\/\/www.ki-management.com\/en\/1906\/wirtschaftspsychologie-4-0-das-ki-m-auf-der-25-fachtagung-der-gwps-in-koeln\/\" \/>\n<meta property=\"og:site_name\" content=\"K\u00f6lner Institut f\u00fcr Managementberatung\" \/>\n<meta property=\"article:published_time\" content=\"2022-07-12T10:28:13+00:00\" \/>\n<meta property=\"og:image\" content=\"https:\/\/www.ki-management.com\/wp-content\/uploads\/2022\/07\/DSC08629-scaled-e1657791490760.jpg\" \/>\n\t<meta property=\"og:image:width\" content=\"2400\" \/>\n\t<meta property=\"og:image:height\" content=\"1164\" \/>\n\t<meta property=\"og:image:type\" content=\"image\/jpeg\" \/>\n<meta name=\"author\" content=\"Kim Johannsen\" \/>\n<meta name=\"twitter:card\" content=\"summary_large_image\" \/>\n<meta name=\"twitter:label1\" content=\"Written by\" \/>\n\t<meta name=\"twitter:data1\" content=\"Kim Johannsen\" \/>\n\t<meta name=\"twitter:label2\" content=\"Est. reading time\" \/>\n\t<meta name=\"twitter:data2\" content=\"1 minute\" \/>\n<script type=\"application\/ld+json\" class=\"yoast-schema-graph\">{\"@context\":\"https:\\\/\\\/schema.org\",\"@graph\":[{\"@type\":\"Article\",\"@id\":\"https:\\\/\\\/www.ki-management.com\\\/1906\\\/wirtschaftspsychologie-4-0-das-ki-m-auf-der-25-fachtagung-der-gwps-in-koeln\\\/#article\",\"isPartOf\":{\"@id\":\"https:\\\/\\\/www.ki-management.com\\\/1906\\\/wirtschaftspsychologie-4-0-das-ki-m-auf-der-25-fachtagung-der-gwps-in-koeln\\\/\"},\"author\":{\"name\":\"Kim Johannsen\",\"@id\":\"https:\\\/\\\/www.ki-management.com\\\/#\\\/schema\\\/person\\\/01147fff2b1f7eb8c15ab402c0cb8b1d\"},\"headline\":\"[:de]Wirtschaftspsychologie 4.0 \u2013 Das KI.M auf der 25. Fachtagung der GWPs in K\u00f6ln[:]\",\"datePublished\":\"2022-07-12T10:28:13+00:00\",\"mainEntityOfPage\":{\"@id\":\"https:\\\/\\\/www.ki-management.com\\\/1906\\\/wirtschaftspsychologie-4-0-das-ki-m-auf-der-25-fachtagung-der-gwps-in-koeln\\\/\"},\"wordCount\":199,\"commentCount\":0,\"publisher\":{\"@id\":\"https:\\\/\\\/www.ki-management.com\\\/#organization\"},\"image\":{\"@id\":\"https:\\\/\\\/www.ki-management.com\\\/1906\\\/wirtschaftspsychologie-4-0-das-ki-m-auf-der-25-fachtagung-der-gwps-in-koeln\\\/#primaryimage\"},\"thumbnailUrl\":\"https:\\\/\\\/www.ki-management.com\\\/wp-content\\\/uploads\\\/2022\\\/07\\\/DSC08629-scaled-e1657791490760.jpg\",\"keywords\":[\"Austausch\",\"Fachtagung\",\"GWPS\",\"Kongress\"],\"articleSection\":[\"engagiert\",\"kooperativ\"],\"inLanguage\":\"en-US\",\"potentialAction\":[{\"@type\":\"CommentAction\",\"name\":\"Comment\",\"target\":[\"https:\\\/\\\/www.ki-management.com\\\/1906\\\/wirtschaftspsychologie-4-0-das-ki-m-auf-der-25-fachtagung-der-gwps-in-koeln\\\/#respond\"]}]},{\"@type\":\"WebPage\",\"@id\":\"https:\\\/\\\/www.ki-management.com\\\/1906\\\/wirtschaftspsychologie-4-0-das-ki-m-auf-der-25-fachtagung-der-gwps-in-koeln\\\/\",\"url\":\"https:\\\/\\\/www.ki-management.com\\\/1906\\\/wirtschaftspsychologie-4-0-das-ki-m-auf-der-25-fachtagung-der-gwps-in-koeln\\\/\",\"name\":\"[:de]Wirtschaftspsychologie 4.0 \u2013 Das KI.M auf der 25. Fachtagung der GWPs in K\u00f6ln[:] - K\u00f6lner Institut f\u00fcr Managementberatung\",\"isPartOf\":{\"@id\":\"https:\\\/\\\/www.ki-management.com\\\/#website\"},\"primaryImageOfPage\":{\"@id\":\"https:\\\/\\\/www.ki-management.com\\\/1906\\\/wirtschaftspsychologie-4-0-das-ki-m-auf-der-25-fachtagung-der-gwps-in-koeln\\\/#primaryimage\"},\"image\":{\"@id\":\"https:\\\/\\\/www.ki-management.com\\\/1906\\\/wirtschaftspsychologie-4-0-das-ki-m-auf-der-25-fachtagung-der-gwps-in-koeln\\\/#primaryimage\"},\"thumbnailUrl\":\"https:\\\/\\\/www.ki-management.com\\\/wp-content\\\/uploads\\\/2022\\\/07\\\/DSC08629-scaled-e1657791490760.jpg\",\"datePublished\":\"2022-07-12T10:28:13+00:00\",\"description\":\"{:de}Im 2. Quartal dieses Jahres konnte die 25. Fachtagung der GWPs (Gesellschaft f\u00fcr angewandte Wirtschaftspsychologie e.V.) nach einer zweij\u00e4hrigen pandemiebedingten Pause wieder in Pr\u00e4senz stattfinden. In den sch\u00f6nen R\u00e4umlichkeiten des Ausrichters, der Rheinische Fachhochschule K\u00f6ln, trafen sich ca. 150 Wirtschaftspsycholog*innen \u2013 unter anderem auch Mitarbeitende und Alumni des KI.M \u2013 f\u00fcr drei Tage unter dem Motto \u201eWirtschaftspsychologie 4.0 \u2013 Zukunft mitgestalten\u201c zum fachlichen und pers\u00f6nlichen Austausch.{:}\",\"breadcrumb\":{\"@id\":\"https:\\\/\\\/www.ki-management.com\\\/1906\\\/wirtschaftspsychologie-4-0-das-ki-m-auf-der-25-fachtagung-der-gwps-in-koeln\\\/#breadcrumb\"},\"inLanguage\":\"en-US\",\"potentialAction\":[{\"@type\":\"ReadAction\",\"target\":[\"https:\\\/\\\/www.ki-management.com\\\/1906\\\/wirtschaftspsychologie-4-0-das-ki-m-auf-der-25-fachtagung-der-gwps-in-koeln\\\/\"]}]},{\"@type\":\"ImageObject\",\"inLanguage\":\"en-US\",\"@id\":\"https:\\\/\\\/www.ki-management.com\\\/1906\\\/wirtschaftspsychologie-4-0-das-ki-m-auf-der-25-fachtagung-der-gwps-in-koeln\\\/#primaryimage\",\"url\":\"https:\\\/\\\/www.ki-management.com\\\/wp-content\\\/uploads\\\/2022\\\/07\\\/DSC08629-scaled-e1657791490760.jpg\",\"contentUrl\":\"https:\\\/\\\/www.ki-management.com\\\/wp-content\\\/uploads\\\/2022\\\/07\\\/DSC08629-scaled-e1657791490760.jpg\",\"width\":2400,\"height\":1164},{\"@type\":\"BreadcrumbList\",\"@id\":\"https:\\\/\\\/www.ki-management.com\\\/1906\\\/wirtschaftspsychologie-4-0-das-ki-m-auf-der-25-fachtagung-der-gwps-in-koeln\\\/#breadcrumb\",\"itemListElement\":[{\"@type\":\"ListItem\",\"position\":1,\"name\":\"Startseite\",\"item\":\"https:\\\/\\\/www.ki-management.com\\\/\"},{\"@type\":\"ListItem\",\"position\":2,\"name\":\"[:de]Wirtschaftspsychologie 4.0 \u2013 Das KI.M auf der 25. Fachtagung der GWPs in K\u00f6ln[:]\"}]},{\"@type\":\"WebSite\",\"@id\":\"https:\\\/\\\/www.ki-management.com\\\/#website\",\"url\":\"https:\\\/\\\/www.ki-management.com\\\/\",\"name\":\"K\u00f6lner Institut f\u00fcr Managementberatung\",\"description\":\"\",\"publisher\":{\"@id\":\"https:\\\/\\\/www.ki-management.com\\\/#organization\"},\"potentialAction\":[{\"@type\":\"SearchAction\",\"target\":{\"@type\":\"EntryPoint\",\"urlTemplate\":\"https:\\\/\\\/www.ki-management.com\\\/?s={search_term_string}\"},\"query-input\":{\"@type\":\"PropertyValueSpecification\",\"valueRequired\":true,\"valueName\":\"search_term_string\"}}],\"inLanguage\":\"en-US\"},{\"@type\":\"Organization\",\"@id\":\"https:\\\/\\\/www.ki-management.com\\\/#organization\",\"name\":\"K\u00f6lner Institut f\u00fcr Managementberatung\",\"url\":\"https:\\\/\\\/www.ki-management.com\\\/\",\"logo\":{\"@type\":\"ImageObject\",\"inLanguage\":\"en-US\",\"@id\":\"https:\\\/\\\/www.ki-management.com\\\/#\\\/schema\\\/logo\\\/image\\\/\",\"url\":\"https:\\\/\\\/www.ki-management.com\\\/wp-content\\\/uploads\\\/2025\\\/05\\\/K.I.M_Logo_pos.svg\",\"contentUrl\":\"https:\\\/\\\/www.ki-management.com\\\/wp-content\\\/uploads\\\/2025\\\/05\\\/K.I.M_Logo_pos.svg\",\"width\":100,\"height\":100,\"caption\":\"K\u00f6lner Institut f\u00fcr Managementberatung\"},\"image\":{\"@id\":\"https:\\\/\\\/www.ki-management.com\\\/#\\\/schema\\\/logo\\\/image\\\/\"}},{\"@type\":\"Person\",\"@id\":\"https:\\\/\\\/www.ki-management.com\\\/#\\\/schema\\\/person\\\/01147fff2b1f7eb8c15ab402c0cb8b1d\",\"name\":\"Kim Johannsen\",\"description\":\"E-Mail: kim.johannsen@moveup.de Telefon: +49 123 456789\",\"url\":\"https:\\\/\\\/www.ki-management.com\\\/en\\\/author\\\/k-johannsen\\\/\"}]}<\/script>\n<!-- \/ Yoast SEO plugin. -->","yoast_head_json":{"title":"[:de]Wirtschaftspsychologie 4.0 \u2013 Das KI.M auf der 25. Fachtagung der GWPs in K\u00f6ln[:] - K\u00f6lner Institut f\u00fcr Managementberatung","description":"{:de}Im 2. Quartal dieses Jahres konnte die 25. Fachtagung der GWPs (Gesellschaft f\u00fcr angewandte Wirtschaftspsychologie e.V.) nach einer zweij\u00e4hrigen pandemiebedingten Pause wieder in Pr\u00e4senz stattfinden. In den sch\u00f6nen R\u00e4umlichkeiten des Ausrichters, der Rheinische Fachhochschule K\u00f6ln, trafen sich ca. 150 Wirtschaftspsycholog*innen \u2013 unter anderem auch Mitarbeitende und Alumni des KI.M \u2013 f\u00fcr drei Tage unter dem Motto \u201eWirtschaftspsychologie 4.0 \u2013 Zukunft mitgestalten\u201c zum fachlichen und pers\u00f6nlichen Austausch.{:}","robots":{"index":"index","follow":"follow","max-snippet":"max-snippet:-1","max-image-preview":"max-image-preview:large","max-video-preview":"max-video-preview:-1"},"canonical":"https:\/\/www.ki-management.com\/en\/1906\/wirtschaftspsychologie-4-0-das-ki-m-auf-der-25-fachtagung-der-gwps-in-koeln\/","og_locale":"en_US","og_type":"article","og_title":"[:de]Wirtschaftspsychologie 4.0 \u2013 Das KI.M auf der 25. Fachtagung der GWPs in K\u00f6ln[:] - K\u00f6lner Institut f\u00fcr Managementberatung","og_description":"{:de}Im 2. Quartal dieses Jahres konnte die 25. Fachtagung der GWPs (Gesellschaft f\u00fcr angewandte Wirtschaftspsychologie e.V.) nach einer zweij\u00e4hrigen pandemiebedingten Pause wieder in Pr\u00e4senz stattfinden. In den sch\u00f6nen R\u00e4umlichkeiten des Ausrichters, der Rheinische Fachhochschule K\u00f6ln, trafen sich ca. 150 Wirtschaftspsycholog*innen \u2013 unter anderem auch Mitarbeitende und Alumni des KI.M \u2013 f\u00fcr drei Tage unter dem Motto \u201eWirtschaftspsychologie 4.0 \u2013 Zukunft mitgestalten\u201c zum fachlichen und pers\u00f6nlichen Austausch.{:}","og_url":"https:\/\/www.ki-management.com\/en\/1906\/wirtschaftspsychologie-4-0-das-ki-m-auf-der-25-fachtagung-der-gwps-in-koeln\/","og_site_name":"K\u00f6lner Institut f\u00fcr Managementberatung","article_published_time":"2022-07-12T10:28:13+00:00","og_image":[{"width":2400,"height":1164,"url":"https:\/\/www.ki-management.com\/wp-content\/uploads\/2022\/07\/DSC08629-scaled-e1657791490760.jpg","type":"image\/jpeg"}],"author":"Kim Johannsen","twitter_card":"summary_large_image","twitter_misc":{"Written by":"Kim Johannsen","Est. reading time":"1 minute"},"schema":{"@context":"https:\/\/schema.org","@graph":[{"@type":"Article","@id":"https:\/\/www.ki-management.com\/1906\/wirtschaftspsychologie-4-0-das-ki-m-auf-der-25-fachtagung-der-gwps-in-koeln\/#article","isPartOf":{"@id":"https:\/\/www.ki-management.com\/1906\/wirtschaftspsychologie-4-0-das-ki-m-auf-der-25-fachtagung-der-gwps-in-koeln\/"},"author":{"name":"Kim Johannsen","@id":"https:\/\/www.ki-management.com\/#\/schema\/person\/01147fff2b1f7eb8c15ab402c0cb8b1d"},"headline":"[:de]Wirtschaftspsychologie 4.0 \u2013 Das KI.M auf der 25. Fachtagung der GWPs in K\u00f6ln[:]","datePublished":"2022-07-12T10:28:13+00:00","mainEntityOfPage":{"@id":"https:\/\/www.ki-management.com\/1906\/wirtschaftspsychologie-4-0-das-ki-m-auf-der-25-fachtagung-der-gwps-in-koeln\/"},"wordCount":199,"commentCount":0,"publisher":{"@id":"https:\/\/www.ki-management.com\/#organization"},"image":{"@id":"https:\/\/www.ki-management.com\/1906\/wirtschaftspsychologie-4-0-das-ki-m-auf-der-25-fachtagung-der-gwps-in-koeln\/#primaryimage"},"thumbnailUrl":"https:\/\/www.ki-management.com\/wp-content\/uploads\/2022\/07\/DSC08629-scaled-e1657791490760.jpg","keywords":["Austausch","Fachtagung","GWPS","Kongress"],"articleSection":["engagiert","kooperativ"],"inLanguage":"en-US","potentialAction":[{"@type":"CommentAction","name":"Comment","target":["https:\/\/www.ki-management.com\/1906\/wirtschaftspsychologie-4-0-das-ki-m-auf-der-25-fachtagung-der-gwps-in-koeln\/#respond"]}]},{"@type":"WebPage","@id":"https:\/\/www.ki-management.com\/1906\/wirtschaftspsychologie-4-0-das-ki-m-auf-der-25-fachtagung-der-gwps-in-koeln\/","url":"https:\/\/www.ki-management.com\/1906\/wirtschaftspsychologie-4-0-das-ki-m-auf-der-25-fachtagung-der-gwps-in-koeln\/","name":"[:de]Wirtschaftspsychologie 4.0 \u2013 Das KI.M auf der 25. Fachtagung der GWPs in K\u00f6ln[:] - K\u00f6lner Institut f\u00fcr Managementberatung","isPartOf":{"@id":"https:\/\/www.ki-management.com\/#website"},"primaryImageOfPage":{"@id":"https:\/\/www.ki-management.com\/1906\/wirtschaftspsychologie-4-0-das-ki-m-auf-der-25-fachtagung-der-gwps-in-koeln\/#primaryimage"},"image":{"@id":"https:\/\/www.ki-management.com\/1906\/wirtschaftspsychologie-4-0-das-ki-m-auf-der-25-fachtagung-der-gwps-in-koeln\/#primaryimage"},"thumbnailUrl":"https:\/\/www.ki-management.com\/wp-content\/uploads\/2022\/07\/DSC08629-scaled-e1657791490760.jpg","datePublished":"2022-07-12T10:28:13+00:00","description":"{:de}Im 2. Quartal dieses Jahres konnte die 25. Fachtagung der GWPs (Gesellschaft f\u00fcr angewandte Wirtschaftspsychologie e.V.) nach einer zweij\u00e4hrigen pandemiebedingten Pause wieder in Pr\u00e4senz stattfinden. In den sch\u00f6nen R\u00e4umlichkeiten des Ausrichters, der Rheinische Fachhochschule K\u00f6ln, trafen sich ca. 150 Wirtschaftspsycholog*innen \u2013 unter anderem auch Mitarbeitende und Alumni des KI.M \u2013 f\u00fcr drei Tage unter dem Motto \u201eWirtschaftspsychologie 4.0 \u2013 Zukunft mitgestalten\u201c zum fachlichen und pers\u00f6nlichen Austausch.{:}","breadcrumb":{"@id":"https:\/\/www.ki-management.com\/1906\/wirtschaftspsychologie-4-0-das-ki-m-auf-der-25-fachtagung-der-gwps-in-koeln\/#breadcrumb"},"inLanguage":"en-US","potentialAction":[{"@type":"ReadAction","target":["https:\/\/www.ki-management.com\/1906\/wirtschaftspsychologie-4-0-das-ki-m-auf-der-25-fachtagung-der-gwps-in-koeln\/"]}]},{"@type":"ImageObject","inLanguage":"en-US","@id":"https:\/\/www.ki-management.com\/1906\/wirtschaftspsychologie-4-0-das-ki-m-auf-der-25-fachtagung-der-gwps-in-koeln\/#primaryimage","url":"https:\/\/www.ki-management.com\/wp-content\/uploads\/2022\/07\/DSC08629-scaled-e1657791490760.jpg","contentUrl":"https:\/\/www.ki-management.com\/wp-content\/uploads\/2022\/07\/DSC08629-scaled-e1657791490760.jpg","width":2400,"height":1164},{"@type":"BreadcrumbList","@id":"https:\/\/www.ki-management.com\/1906\/wirtschaftspsychologie-4-0-das-ki-m-auf-der-25-fachtagung-der-gwps-in-koeln\/#breadcrumb","itemListElement":[{"@type":"ListItem","position":1,"name":"Startseite","item":"https:\/\/www.ki-management.com\/"},{"@type":"ListItem","position":2,"name":"[:de]Wirtschaftspsychologie 4.0 \u2013 Das KI.M auf der 25. Fachtagung der GWPs in K\u00f6ln[:]"}]},{"@type":"WebSite","@id":"https:\/\/www.ki-management.com\/#website","url":"https:\/\/www.ki-management.com\/","name":"Cologne Institute for Management Consulting","description":"","publisher":{"@id":"https:\/\/www.ki-management.com\/#organization"},"potentialAction":[{"@type":"SearchAction","target":{"@type":"EntryPoint","urlTemplate":"https:\/\/www.ki-management.com\/?s={search_term_string}"},"query-input":{"@type":"PropertyValueSpecification","valueRequired":true,"valueName":"search_term_string"}}],"inLanguage":"en-US"},{"@type":"Organization","@id":"https:\/\/www.ki-management.com\/#organization","name":"Cologne Institute for Management Consulting","url":"https:\/\/www.ki-management.com\/","logo":{"@type":"ImageObject","inLanguage":"en-US","@id":"https:\/\/www.ki-management.com\/#\/schema\/logo\/image\/","url":"https:\/\/www.ki-management.com\/wp-content\/uploads\/2025\/05\/K.I.M_Logo_pos.svg","contentUrl":"https:\/\/www.ki-management.com\/wp-content\/uploads\/2025\/05\/K.I.M_Logo_pos.svg","width":100,"height":100,"caption":"K\u00f6lner Institut f\u00fcr Managementberatung"},"image":{"@id":"https:\/\/www.ki-management.com\/#\/schema\/logo\/image\/"}},{"@type":"Person","@id":"https:\/\/www.ki-management.com\/#\/schema\/person\/01147fff2b1f7eb8c15ab402c0cb8b1d","name":"Kim Johannsen","description":"E-Mail: kim.johannsen@moveup.de Telefon: +49 123 456789","url":"https:\/\/www.ki-management.com\/en\/author\/k-johannsen\/"}]}},"spectra_custom_meta":{"wp_statistics_words_count":["161"],"_edit_last":["2"],"_thumbnail_id":["1926"],"_yoast_wpseo_focuskw":["[:de]GWPs [:]"],"_yoast_wpseo_linkdex":["41"],"_yoast_wpseo_content_score":["60"],"_yoast_wpseo_estimated-reading-time-minutes":[""],"_yoast_wpseo_wordproof_timestamp":[""],"_yoast_wpseo_primary_category":["30"],"_yoast_wpseo_metadesc":["{:de}Im 2. Quartal dieses Jahres konnte die 25. Fachtagung der GWPs (Gesellschaft f\u00fcr angewandte Wirtschaftspsychologie e.V.) nach einer zweij\u00e4hrigen pandemiebedingten Pause wieder in Pr\u00e4senz stattfinden. In den sch\u00f6nen R\u00e4umlichkeiten des Ausrichters, der Rheinische Fachhochschule K\u00f6ln, trafen sich ca. 150 Wirtschaftspsycholog*innen \u2013 unter anderem auch Mitarbeitende und Alumni des KI.M \u2013 f\u00fcr drei Tage unter dem Motto \u201eWirtschaftspsychologie 4.0 \u2013 Zukunft mitgestalten\u201c zum fachlichen und pers\u00f6nlichen Austausch.{:}"],"_uag_css_file_name":["uag-css-1906.css"],"_uag_js_file_name":["uag-js-1906.js"]},"uagb_featured_image_src":{"full":["https:\/\/www.ki-management.com\/wp-content\/uploads\/2022\/07\/DSC08629-scaled-e1657791490760.jpg",2400,1164,false],"thumbnail":["https:\/\/www.ki-management.com\/wp-content\/uploads\/2022\/07\/DSC08629-scaled-e1657791490760-150x150.jpg",150,150,true],"medium":["https:\/\/www.ki-management.com\/wp-content\/uploads\/2022\/07\/DSC08629-scaled-e1657791490760-300x146.jpg",300,146,true],"medium_large":["https:\/\/www.ki-management.com\/wp-content\/uploads\/2022\/07\/DSC08629-scaled-e1657791490760-768x372.jpg",768,372,true],"large":["https:\/\/www.ki-management.com\/wp-content\/uploads\/2022\/07\/DSC08629-scaled-e1657791490760-1024x497.jpg",1024,497,true],"1536x1536":["https:\/\/www.ki-management.com\/wp-content\/uploads\/2022\/07\/DSC08629-scaled-e1657791490760-1536x745.jpg",1536,745,true],"2048x2048":["https:\/\/www.ki-management.com\/wp-content\/uploads\/2022\/07\/DSC08629-scaled-e1657791490760-2048x993.jpg",2048,993,true],"trp-custom-language-flag":["https:\/\/www.ki-management.com\/wp-content\/uploads\/2022\/07\/DSC08629-scaled-e1657791490760.jpg",18,9,false],"3-2-Thumb":["https:\/\/www.ki-management.com\/wp-content\/uploads\/2022\/07\/DSC08629-scaled-e1657791490760-640x480.jpg",640,480,true],"SquareThumb":["https:\/\/www.ki-management.com\/wp-content\/uploads\/2022\/07\/DSC08629-scaled-e1657791490760-960x960.jpg",960,960,true],"16-9-Thumb":["https:\/\/www.ki-management.com\/wp-content\/uploads\/2022\/07\/DSC08629-scaled-e1657791490760-960x540.jpg",960,540,true],"SquareBig":["https:\/\/www.ki-management.com\/wp-content\/uploads\/2022\/07\/DSC08629-scaled-e1657791490760-1920x1164.jpg",1920,1164,true],"16-9-Big":["https:\/\/www.ki-management.com\/wp-content\/uploads\/2022\/07\/DSC08629-scaled-e1657791490760-1980x1080.jpg",1980,1080,true]},"uagb_author_info":{"display_name":"Kim Johannsen","author_link":"https:\/\/www.ki-management.com\/en\/author\/k-johannsen\/"},"uagb_comment_info":0,"uagb_excerpt":"[:de][:de]Im 2. Quartal dieses Jahres konnte die 25. Fachtagung der GWPs (Gesellschaft f\u00fcr angewandte Wirtschaftspsychologie e.V.) nach einer zweij\u00e4hrigen pandemiebedingten Pause wieder in Pr\u00e4senz stattfinden. In den sch\u00f6nen R\u00e4umlichkeiten des Ausrichters, der Rheinische Fachhochschule K\u00f6ln, trafen sich ca. 150 Wirtschaftspsycholog*innen \u2013 unter anderem auch Mitarbeitende und Alumni des KI.M \u2013 f\u00fcr drei Tage unter dem&hellip;","_links":{"self":[{"href":"https:\/\/www.ki-management.com\/en\/wp-json\/wp\/v2\/posts\/1906","targetHints":{"allow":["GET"]}}],"collection":[{"href":"https:\/\/www.ki-management.com\/en\/wp-json\/wp\/v2\/posts"}],"about":[{"href":"https:\/\/www.ki-management.com\/en\/wp-json\/wp\/v2\/types\/post"}],"author":[{"embeddable":true,"href":"https:\/\/www.ki-management.com\/en\/wp-json\/wp\/v2\/users\/2"}],"replies":[{"embeddable":true,"href":"https:\/\/www.ki-management.com\/en\/wp-json\/wp\/v2\/comments?post=1906"}],"version-history":[{"count":0,"href":"https:\/\/www.ki-management.com\/en\/wp-json\/wp\/v2\/posts\/1906\/revisions"}],"wp:featuredmedia":[{"embeddable":true,"href":"https:\/\/www.ki-management.com\/en\/wp-json\/wp\/v2\/media\/1926"}],"wp:attachment":[{"href":"https:\/\/www.ki-management.com\/en\/wp-json\/wp\/v2\/media?parent=1906"}],"wp:term":[{"taxonomy":"category","embeddable":true,"href":"https:\/\/www.ki-management.com\/en\/wp-json\/wp\/v2\/categories?post=1906"},{"taxonomy":"post_tag","embeddable":true,"href":"https:\/\/www.ki-management.com\/en\/wp-json\/wp\/v2\/tags?post=1906"}],"curies":[{"name":"wp","href":"https:\/\/api.w.org\/{rel}","templated":true}]}}