{"id":1956,"date":"2022-09-22T17:56:40","date_gmt":"2022-09-22T15:56:40","guid":{"rendered":"https:\/\/blog.ki-management.com\/?p=1956"},"modified":"2022-09-22T17:56:40","modified_gmt":"2022-09-22T15:56:40","slug":"sommer-sonne-dom-und-mehr","status":"publish","type":"post","link":"https:\/\/www.ki-management.com\/en\/1956\/sommer-sonne-dom-und-mehr\/","title":{"rendered":"[:de]Sommer, Sonne, Dom und mehr&#8230;[:]"},"content":{"rendered":"<p>[:de]Nach zwei Jahren Corona-Pause fand im August 2022 unser traditionelles Sommerfest im Herzen von K\u00f6ln auf der Dachterrasse des KI.M endlich wieder statt. Durch die Tage im Homeoffice und den reduzierten Kontakt w\u00e4hrend der Pandemie stieg im KI.M die Vorfreude auf die gemeinsame Feier schon seit dem Anstieg der Temperaturen.<\/p>\n<p>Bereits w\u00e4hrend des Sektempfangs im Forum des KI.M fand ein lockerer Austausch zwischen altbekannten und neuen Gesichtern statt. Neben den Mitarbeitenden des KI.M waren auch zahlreiche Alumni und Projektpartner sowie Projektpartnerinnen dabei. Einige Teilnehmende sind sogar explizit f\u00fcr das Sommerfest \u2013 u.a. aus Steyr und Osnabr\u00fcck \u2013 nach K\u00f6ln angereist.<\/p>\n<p>Nach der begeisternden Rede von Dagmar Hanewinkel, die allen Wegbegleitern und -begleiterinnen des KI.M den Dank und die Wertsch\u00e4tzung der Gesch\u00e4ftsf\u00fchrung zum Ausdruck brachte, wurde das Grill- und Burgerbuffet auf der Dachterrasse er\u00f6ffnet.<\/p>\n<p>In entspannter Atmosph\u00e4re konnten sich alle Beteiligten mit Blick auf den Dom nach l\u00e4ngerer Zeit wieder in Pr\u00e4senz austauschen, gemeinsam lachen und den Abend sowie einen ph\u00e4nomenalen Sonnenuntergang genie\u00dfen. Im Licht des Vollmondes wurde zur Livemusik von <a href=\"https:\/\/www.music4friends.de\/act\/mister-loop\/\">Mr. Loop<\/a> das Tanzbein geschwungen, w\u00e4hrend an der Bar Cocktails und K\u00f6lsch bereitstanden. Das Sommerfest war wieder einmal ein voller Erfolg und es war sehr sch\u00f6n, mit euch gemeinsam zu feiern!<\/p>\n<p>Wir danken allen Anwesenden f\u00fcr den wundersch\u00f6nen Abend \u2013 ohne euch w\u00e4re das KI.M nicht da, wo es heute steht!<\/p>\n<p>[Best_Wordpress_Gallery id=&#8220;50&#8243; gal_title=&#8220;KI.M Sommerfest 2022&#8243;][:en]<\/p>\n<p>[Best_Wordpress_Gallery id=&#8220;47&#8243; gal_title=&#8220;KI.M Sommerfest 2022&#8243;][:]<\/p>\n","protected":false},"excerpt":{"rendered":"<p>[:de]Nach zwei Jahren Corona-Pause fand im August 2022 unser traditionelles Sommerfest im Herzen von K\u00f6ln auf der Dachterrasse des KI.M endlich wieder statt. Durch die Tage im Homeoffice und den reduzierten Kontakt w\u00e4hrend der Pandemie stieg im KI.M die Vorfreude auf die gemeinsame Feier schon seit dem Anstieg der Temperaturen. Bereits w\u00e4hrend des Sektempfangs im &#8230; <a title=\"[:de]Sommer, Sonne, Dom und mehr&#8230;[:]\" class=\"read-more\" href=\"https:\/\/www.ki-management.com\/en\/1956\/sommer-sonne-dom-und-mehr\/\" aria-label=\"Read more about [:de]Sommer, Sonne, Dom und mehr&#8230;[:]\">Weiterlesen &#8230;<\/a><\/p>\n","protected":false},"author":2,"featured_media":1957,"comment_status":"open","ping_status":"closed","sticky":false,"template":"","format":"standard","meta":{"inline_featured_image":false,"_uag_custom_page_level_css":"","footnotes":""},"categories":[7,9,11,13],"tags":[24,71,106],"class_list":["post-1956","post","type-post","status-publish","format-standard","has-post-thumbnail","hentry","category-intern","category-kooperativ","category-news","category-wertschaetzend","tag-austausch","tag-koeln","tag-sommerfest","generate-columns","tablet-grid-50","mobile-grid-100","grid-parent","grid-50"],"yoast_head":"<!-- This site is optimized with the Yoast SEO plugin v27.5 - https:\/\/yoast.com\/product\/yoast-seo-wordpress\/ -->\n<title>[:de]Sommer, Sonne, Dom und mehr...[:] - K\u00f6lner Institut f\u00fcr Managementberatung<\/title>\n<meta name=\"robots\" content=\"index, follow, max-snippet:-1, max-image-preview:large, max-video-preview:-1\" \/>\n<link rel=\"canonical\" href=\"https:\/\/www.ki-management.com\/en\/1956\/sommer-sonne-dom-und-mehr\/\" \/>\n<meta property=\"og:locale\" content=\"en_US\" \/>\n<meta property=\"og:type\" content=\"article\" \/>\n<meta property=\"og:title\" content=\"[:de]Sommer, Sonne, Dom und mehr...[:] - K\u00f6lner Institut f\u00fcr Managementberatung\" \/>\n<meta property=\"og:description\" content=\"[:de]Nach zwei Jahren Corona-Pause fand im August 2022 unser traditionelles Sommerfest im Herzen von K\u00f6ln auf der Dachterrasse des KI.M endlich wieder statt. Durch die Tage im Homeoffice und den reduzierten Kontakt w\u00e4hrend der Pandemie stieg im KI.M die Vorfreude auf die gemeinsame Feier schon seit dem Anstieg der Temperaturen. Bereits w\u00e4hrend des Sektempfangs im ... Weiterlesen ...\" \/>\n<meta property=\"og:url\" content=\"https:\/\/www.ki-management.com\/en\/1956\/sommer-sonne-dom-und-mehr\/\" \/>\n<meta property=\"og:site_name\" content=\"K\u00f6lner Institut f\u00fcr Managementberatung\" \/>\n<meta property=\"article:published_time\" content=\"2022-09-22T15:56:40+00:00\" \/>\n<meta property=\"og:image\" content=\"https:\/\/www.ki-management.com\/wp-content\/uploads\/2022\/08\/IMG_0622-scaled-e1660810965784.jpg\" \/>\n\t<meta property=\"og:image:width\" content=\"2560\" \/>\n\t<meta property=\"og:image:height\" content=\"1241\" \/>\n\t<meta property=\"og:image:type\" content=\"image\/jpeg\" \/>\n<meta name=\"author\" content=\"Kim Johannsen\" \/>\n<meta name=\"twitter:card\" content=\"summary_large_image\" \/>\n<meta name=\"twitter:label1\" content=\"Written by\" \/>\n\t<meta name=\"twitter:data1\" content=\"Kim Johannsen\" \/>\n\t<meta name=\"twitter:label2\" content=\"Est. reading time\" \/>\n\t<meta name=\"twitter:data2\" content=\"2 minutes\" \/>\n<script type=\"application\/ld+json\" class=\"yoast-schema-graph\">{\"@context\":\"https:\\\/\\\/schema.org\",\"@graph\":[{\"@type\":\"Article\",\"@id\":\"https:\\\/\\\/www.ki-management.com\\\/1956\\\/sommer-sonne-dom-und-mehr\\\/#article\",\"isPartOf\":{\"@id\":\"https:\\\/\\\/www.ki-management.com\\\/1956\\\/sommer-sonne-dom-und-mehr\\\/\"},\"author\":{\"name\":\"Kim Johannsen\",\"@id\":\"https:\\\/\\\/www.ki-management.com\\\/#\\\/schema\\\/person\\\/01147fff2b1f7eb8c15ab402c0cb8b1d\"},\"headline\":\"[:de]Sommer, Sonne, Dom und mehr&#8230;[:]\",\"datePublished\":\"2022-09-22T15:56:40+00:00\",\"mainEntityOfPage\":{\"@id\":\"https:\\\/\\\/www.ki-management.com\\\/1956\\\/sommer-sonne-dom-und-mehr\\\/\"},\"wordCount\":271,\"commentCount\":0,\"publisher\":{\"@id\":\"https:\\\/\\\/www.ki-management.com\\\/#organization\"},\"image\":{\"@id\":\"https:\\\/\\\/www.ki-management.com\\\/1956\\\/sommer-sonne-dom-und-mehr\\\/#primaryimage\"},\"thumbnailUrl\":\"https:\\\/\\\/www.ki-management.com\\\/wp-content\\\/uploads\\\/2022\\\/08\\\/IMG_0622-scaled-e1660810965784.jpg\",\"keywords\":[\"Austausch\",\"K\u00f6ln\",\"Sommerfest\"],\"articleSection\":[\"intern\",\"kooperativ\",\"news\",\"wertsch\u00e4tzend\"],\"inLanguage\":\"en-US\",\"potentialAction\":[{\"@type\":\"CommentAction\",\"name\":\"Comment\",\"target\":[\"https:\\\/\\\/www.ki-management.com\\\/1956\\\/sommer-sonne-dom-und-mehr\\\/#respond\"]}]},{\"@type\":\"WebPage\",\"@id\":\"https:\\\/\\\/www.ki-management.com\\\/1956\\\/sommer-sonne-dom-und-mehr\\\/\",\"url\":\"https:\\\/\\\/www.ki-management.com\\\/1956\\\/sommer-sonne-dom-und-mehr\\\/\",\"name\":\"[:de]Sommer, Sonne, Dom und mehr...[:] - K\u00f6lner Institut f\u00fcr Managementberatung\",\"isPartOf\":{\"@id\":\"https:\\\/\\\/www.ki-management.com\\\/#website\"},\"primaryImageOfPage\":{\"@id\":\"https:\\\/\\\/www.ki-management.com\\\/1956\\\/sommer-sonne-dom-und-mehr\\\/#primaryimage\"},\"image\":{\"@id\":\"https:\\\/\\\/www.ki-management.com\\\/1956\\\/sommer-sonne-dom-und-mehr\\\/#primaryimage\"},\"thumbnailUrl\":\"https:\\\/\\\/www.ki-management.com\\\/wp-content\\\/uploads\\\/2022\\\/08\\\/IMG_0622-scaled-e1660810965784.jpg\",\"datePublished\":\"2022-09-22T15:56:40+00:00\",\"breadcrumb\":{\"@id\":\"https:\\\/\\\/www.ki-management.com\\\/1956\\\/sommer-sonne-dom-und-mehr\\\/#breadcrumb\"},\"inLanguage\":\"en-US\",\"potentialAction\":[{\"@type\":\"ReadAction\",\"target\":[\"https:\\\/\\\/www.ki-management.com\\\/1956\\\/sommer-sonne-dom-und-mehr\\\/\"]}]},{\"@type\":\"ImageObject\",\"inLanguage\":\"en-US\",\"@id\":\"https:\\\/\\\/www.ki-management.com\\\/1956\\\/sommer-sonne-dom-und-mehr\\\/#primaryimage\",\"url\":\"https:\\\/\\\/www.ki-management.com\\\/wp-content\\\/uploads\\\/2022\\\/08\\\/IMG_0622-scaled-e1660810965784.jpg\",\"contentUrl\":\"https:\\\/\\\/www.ki-management.com\\\/wp-content\\\/uploads\\\/2022\\\/08\\\/IMG_0622-scaled-e1660810965784.jpg\",\"width\":2560,\"height\":1241},{\"@type\":\"BreadcrumbList\",\"@id\":\"https:\\\/\\\/www.ki-management.com\\\/1956\\\/sommer-sonne-dom-und-mehr\\\/#breadcrumb\",\"itemListElement\":[{\"@type\":\"ListItem\",\"position\":1,\"name\":\"Startseite\",\"item\":\"https:\\\/\\\/www.ki-management.com\\\/\"},{\"@type\":\"ListItem\",\"position\":2,\"name\":\"[:de]Sommer, Sonne, Dom und mehr&#8230;[:]\"}]},{\"@type\":\"WebSite\",\"@id\":\"https:\\\/\\\/www.ki-management.com\\\/#website\",\"url\":\"https:\\\/\\\/www.ki-management.com\\\/\",\"name\":\"K\u00f6lner Institut f\u00fcr Managementberatung\",\"description\":\"\",\"publisher\":{\"@id\":\"https:\\\/\\\/www.ki-management.com\\\/#organization\"},\"potentialAction\":[{\"@type\":\"SearchAction\",\"target\":{\"@type\":\"EntryPoint\",\"urlTemplate\":\"https:\\\/\\\/www.ki-management.com\\\/?s={search_term_string}\"},\"query-input\":{\"@type\":\"PropertyValueSpecification\",\"valueRequired\":true,\"valueName\":\"search_term_string\"}}],\"inLanguage\":\"en-US\"},{\"@type\":\"Organization\",\"@id\":\"https:\\\/\\\/www.ki-management.com\\\/#organization\",\"name\":\"K\u00f6lner Institut f\u00fcr Managementberatung\",\"url\":\"https:\\\/\\\/www.ki-management.com\\\/\",\"logo\":{\"@type\":\"ImageObject\",\"inLanguage\":\"en-US\",\"@id\":\"https:\\\/\\\/www.ki-management.com\\\/#\\\/schema\\\/logo\\\/image\\\/\",\"url\":\"https:\\\/\\\/www.ki-management.com\\\/wp-content\\\/uploads\\\/2025\\\/05\\\/K.I.M_Logo_pos.svg\",\"contentUrl\":\"https:\\\/\\\/www.ki-management.com\\\/wp-content\\\/uploads\\\/2025\\\/05\\\/K.I.M_Logo_pos.svg\",\"width\":100,\"height\":100,\"caption\":\"K\u00f6lner Institut f\u00fcr Managementberatung\"},\"image\":{\"@id\":\"https:\\\/\\\/www.ki-management.com\\\/#\\\/schema\\\/logo\\\/image\\\/\"}},{\"@type\":\"Person\",\"@id\":\"https:\\\/\\\/www.ki-management.com\\\/#\\\/schema\\\/person\\\/01147fff2b1f7eb8c15ab402c0cb8b1d\",\"name\":\"Kim Johannsen\",\"description\":\"E-Mail: kim.johannsen@moveup.de Telefon: +49 123 456789\",\"url\":\"https:\\\/\\\/www.ki-management.com\\\/en\\\/author\\\/k-johannsen\\\/\"}]}<\/script>\n<!-- \/ Yoast SEO plugin. -->","yoast_head_json":{"title":"[:de]Sommer, Sonne, Dom und mehr...[:] - K\u00f6lner Institut f\u00fcr Managementberatung","robots":{"index":"index","follow":"follow","max-snippet":"max-snippet:-1","max-image-preview":"max-image-preview:large","max-video-preview":"max-video-preview:-1"},"canonical":"https:\/\/www.ki-management.com\/en\/1956\/sommer-sonne-dom-und-mehr\/","og_locale":"en_US","og_type":"article","og_title":"[:de]Sommer, Sonne, Dom und mehr...[:] - K\u00f6lner Institut f\u00fcr Managementberatung","og_description":"[:de]Nach zwei Jahren Corona-Pause fand im August 2022 unser traditionelles Sommerfest im Herzen von K\u00f6ln auf der Dachterrasse des KI.M endlich wieder statt. Durch die Tage im Homeoffice und den reduzierten Kontakt w\u00e4hrend der Pandemie stieg im KI.M die Vorfreude auf die gemeinsame Feier schon seit dem Anstieg der Temperaturen. Bereits w\u00e4hrend des Sektempfangs im ... Weiterlesen ...","og_url":"https:\/\/www.ki-management.com\/en\/1956\/sommer-sonne-dom-und-mehr\/","og_site_name":"K\u00f6lner Institut f\u00fcr Managementberatung","article_published_time":"2022-09-22T15:56:40+00:00","og_image":[{"width":2560,"height":1241,"url":"https:\/\/www.ki-management.com\/wp-content\/uploads\/2022\/08\/IMG_0622-scaled-e1660810965784.jpg","type":"image\/jpeg"}],"author":"Kim Johannsen","twitter_card":"summary_large_image","twitter_misc":{"Written by":"Kim Johannsen","Est. reading time":"2 minutes"},"schema":{"@context":"https:\/\/schema.org","@graph":[{"@type":"Article","@id":"https:\/\/www.ki-management.com\/1956\/sommer-sonne-dom-und-mehr\/#article","isPartOf":{"@id":"https:\/\/www.ki-management.com\/1956\/sommer-sonne-dom-und-mehr\/"},"author":{"name":"Kim Johannsen","@id":"https:\/\/www.ki-management.com\/#\/schema\/person\/01147fff2b1f7eb8c15ab402c0cb8b1d"},"headline":"[:de]Sommer, Sonne, Dom und mehr&#8230;[:]","datePublished":"2022-09-22T15:56:40+00:00","mainEntityOfPage":{"@id":"https:\/\/www.ki-management.com\/1956\/sommer-sonne-dom-und-mehr\/"},"wordCount":271,"commentCount":0,"publisher":{"@id":"https:\/\/www.ki-management.com\/#organization"},"image":{"@id":"https:\/\/www.ki-management.com\/1956\/sommer-sonne-dom-und-mehr\/#primaryimage"},"thumbnailUrl":"https:\/\/www.ki-management.com\/wp-content\/uploads\/2022\/08\/IMG_0622-scaled-e1660810965784.jpg","keywords":["Austausch","K\u00f6ln","Sommerfest"],"articleSection":["intern","kooperativ","news","wertsch\u00e4tzend"],"inLanguage":"en-US","potentialAction":[{"@type":"CommentAction","name":"Comment","target":["https:\/\/www.ki-management.com\/1956\/sommer-sonne-dom-und-mehr\/#respond"]}]},{"@type":"WebPage","@id":"https:\/\/www.ki-management.com\/1956\/sommer-sonne-dom-und-mehr\/","url":"https:\/\/www.ki-management.com\/1956\/sommer-sonne-dom-und-mehr\/","name":"[:de]Sommer, Sonne, Dom und mehr...[:] - K\u00f6lner Institut f\u00fcr Managementberatung","isPartOf":{"@id":"https:\/\/www.ki-management.com\/#website"},"primaryImageOfPage":{"@id":"https:\/\/www.ki-management.com\/1956\/sommer-sonne-dom-und-mehr\/#primaryimage"},"image":{"@id":"https:\/\/www.ki-management.com\/1956\/sommer-sonne-dom-und-mehr\/#primaryimage"},"thumbnailUrl":"https:\/\/www.ki-management.com\/wp-content\/uploads\/2022\/08\/IMG_0622-scaled-e1660810965784.jpg","datePublished":"2022-09-22T15:56:40+00:00","breadcrumb":{"@id":"https:\/\/www.ki-management.com\/1956\/sommer-sonne-dom-und-mehr\/#breadcrumb"},"inLanguage":"en-US","potentialAction":[{"@type":"ReadAction","target":["https:\/\/www.ki-management.com\/1956\/sommer-sonne-dom-und-mehr\/"]}]},{"@type":"ImageObject","inLanguage":"en-US","@id":"https:\/\/www.ki-management.com\/1956\/sommer-sonne-dom-und-mehr\/#primaryimage","url":"https:\/\/www.ki-management.com\/wp-content\/uploads\/2022\/08\/IMG_0622-scaled-e1660810965784.jpg","contentUrl":"https:\/\/www.ki-management.com\/wp-content\/uploads\/2022\/08\/IMG_0622-scaled-e1660810965784.jpg","width":2560,"height":1241},{"@type":"BreadcrumbList","@id":"https:\/\/www.ki-management.com\/1956\/sommer-sonne-dom-und-mehr\/#breadcrumb","itemListElement":[{"@type":"ListItem","position":1,"name":"Startseite","item":"https:\/\/www.ki-management.com\/"},{"@type":"ListItem","position":2,"name":"[:de]Sommer, Sonne, Dom und mehr&#8230;[:]"}]},{"@type":"WebSite","@id":"https:\/\/www.ki-management.com\/#website","url":"https:\/\/www.ki-management.com\/","name":"Cologne Institute for Management Consulting","description":"","publisher":{"@id":"https:\/\/www.ki-management.com\/#organization"},"potentialAction":[{"@type":"SearchAction","target":{"@type":"EntryPoint","urlTemplate":"https:\/\/www.ki-management.com\/?s={search_term_string}"},"query-input":{"@type":"PropertyValueSpecification","valueRequired":true,"valueName":"search_term_string"}}],"inLanguage":"en-US"},{"@type":"Organization","@id":"https:\/\/www.ki-management.com\/#organization","name":"Cologne Institute for Management Consulting","url":"https:\/\/www.ki-management.com\/","logo":{"@type":"ImageObject","inLanguage":"en-US","@id":"https:\/\/www.ki-management.com\/#\/schema\/logo\/image\/","url":"https:\/\/www.ki-management.com\/wp-content\/uploads\/2025\/05\/K.I.M_Logo_pos.svg","contentUrl":"https:\/\/www.ki-management.com\/wp-content\/uploads\/2025\/05\/K.I.M_Logo_pos.svg","width":100,"height":100,"caption":"K\u00f6lner Institut f\u00fcr Managementberatung"},"image":{"@id":"https:\/\/www.ki-management.com\/#\/schema\/logo\/image\/"}},{"@type":"Person","@id":"https:\/\/www.ki-management.com\/#\/schema\/person\/01147fff2b1f7eb8c15ab402c0cb8b1d","name":"Kim Johannsen","description":"E-Mail: kim.johannsen@moveup.de Telefon: +49 123 456789","url":"https:\/\/www.ki-management.com\/en\/author\/k-johannsen\/"}]}},"spectra_custom_meta":{"wp_statistics_words_count":["225"],"_edit_last":["2"],"_thumbnail_id":["1957"],"_yoast_wpseo_content_score":["90"],"_yoast_wpseo_estimated-reading-time-minutes":["2"],"_yoast_wpseo_wordproof_timestamp":[""],"_yoast_wpseo_primary_category":["1"],"_uag_css_file_name":["uag-css-1956.css"],"_uag_page_assets":["a:9:{s:3:\"css\";s:260:\".uag-blocks-common-selector{z-index:var(--z-index-desktop) !important}@media(max-width: 976px){.uag-blocks-common-selector{z-index:var(--z-index-tablet) !important}}@media(max-width: 767px){.uag-blocks-common-selector{z-index:var(--z-index-mobile) !important}}\";s:2:\"js\";s:0:\"\";s:18:\"current_block_list\";a:3:{i:0;s:12:\"core\/columns\";i:1;s:11:\"core\/column\";i:2;s:14:\"core\/paragraph\";}s:8:\"uag_flag\";b:0;s:11:\"uag_version\";s:10:\"1777090893\";s:6:\"gfonts\";a:0:{}s:10:\"gfonts_url\";s:0:\"\";s:12:\"gfonts_files\";a:0:{}s:14:\"uag_faq_layout\";b:0;}"]},"uagb_featured_image_src":{"full":["https:\/\/www.ki-management.com\/wp-content\/uploads\/2022\/08\/IMG_0622-scaled-e1660810965784.jpg",2560,1241,false],"thumbnail":["https:\/\/www.ki-management.com\/wp-content\/uploads\/2022\/08\/IMG_0622-scaled-e1660810965784-150x150.jpg",150,150,true],"medium":["https:\/\/www.ki-management.com\/wp-content\/uploads\/2022\/08\/IMG_0622-scaled-e1660810965784-300x145.jpg",300,145,true],"medium_large":["https:\/\/www.ki-management.com\/wp-content\/uploads\/2022\/08\/IMG_0622-scaled-e1660810965784-768x372.jpg",768,372,true],"large":["https:\/\/www.ki-management.com\/wp-content\/uploads\/2022\/08\/IMG_0622-scaled-e1660810965784-1024x496.jpg",1024,496,true],"1536x1536":["https:\/\/www.ki-management.com\/wp-content\/uploads\/2022\/08\/IMG_0622-scaled-e1660810965784-1536x745.jpg",1536,745,true],"2048x2048":["https:\/\/www.ki-management.com\/wp-content\/uploads\/2022\/08\/IMG_0622-scaled-e1660810965784-2048x993.jpg",2048,993,true],"trp-custom-language-flag":["https:\/\/www.ki-management.com\/wp-content\/uploads\/2022\/08\/IMG_0622-scaled-e1660810965784.jpg",18,9,false],"3-2-Thumb":["https:\/\/www.ki-management.com\/wp-content\/uploads\/2022\/08\/IMG_0622-scaled-e1660810965784-640x480.jpg",640,480,true],"SquareThumb":["https:\/\/www.ki-management.com\/wp-content\/uploads\/2022\/08\/IMG_0622-scaled-e1660810965784-960x960.jpg",960,960,true],"16-9-Thumb":["https:\/\/www.ki-management.com\/wp-content\/uploads\/2022\/08\/IMG_0622-scaled-e1660810965784-960x540.jpg",960,540,true],"SquareBig":["https:\/\/www.ki-management.com\/wp-content\/uploads\/2022\/08\/IMG_0622-scaled-e1660810965784-1920x1241.jpg",1920,1241,true],"16-9-Big":["https:\/\/www.ki-management.com\/wp-content\/uploads\/2022\/08\/IMG_0622-scaled-e1660810965784-1980x1080.jpg",1980,1080,true]},"uagb_author_info":{"display_name":"Kim Johannsen","author_link":"https:\/\/www.ki-management.com\/en\/author\/k-johannsen\/"},"uagb_comment_info":0,"uagb_excerpt":"[:de]Nach zwei Jahren Corona-Pause fand im August 2022 unser traditionelles Sommerfest im Herzen von K\u00f6ln auf der Dachterrasse des KI.M endlich wieder statt. Durch die Tage im Homeoffice und den reduzierten Kontakt w\u00e4hrend der Pandemie stieg im KI.M die Vorfreude auf die gemeinsame Feier schon seit dem Anstieg der Temperaturen. Bereits w\u00e4hrend des Sektempfangs im&hellip;","_links":{"self":[{"href":"https:\/\/www.ki-management.com\/en\/wp-json\/wp\/v2\/posts\/1956","targetHints":{"allow":["GET"]}}],"collection":[{"href":"https:\/\/www.ki-management.com\/en\/wp-json\/wp\/v2\/posts"}],"about":[{"href":"https:\/\/www.ki-management.com\/en\/wp-json\/wp\/v2\/types\/post"}],"author":[{"embeddable":true,"href":"https:\/\/www.ki-management.com\/en\/wp-json\/wp\/v2\/users\/2"}],"replies":[{"embeddable":true,"href":"https:\/\/www.ki-management.com\/en\/wp-json\/wp\/v2\/comments?post=1956"}],"version-history":[{"count":0,"href":"https:\/\/www.ki-management.com\/en\/wp-json\/wp\/v2\/posts\/1956\/revisions"}],"wp:featuredmedia":[{"embeddable":true,"href":"https:\/\/www.ki-management.com\/en\/wp-json\/wp\/v2\/media\/1957"}],"wp:attachment":[{"href":"https:\/\/www.ki-management.com\/en\/wp-json\/wp\/v2\/media?parent=1956"}],"wp:term":[{"taxonomy":"category","embeddable":true,"href":"https:\/\/www.ki-management.com\/en\/wp-json\/wp\/v2\/categories?post=1956"},{"taxonomy":"post_tag","embeddable":true,"href":"https:\/\/www.ki-management.com\/en\/wp-json\/wp\/v2\/tags?post=1956"}],"curies":[{"name":"wp","href":"https:\/\/api.w.org\/{rel}","templated":true}]}}