{"id":2022,"date":"2023-01-18T15:22:48","date_gmt":"2023-01-18T14:22:48","guid":{"rendered":"https:\/\/blog.ki-management.com\/?p=2022"},"modified":"2023-01-18T15:22:48","modified_gmt":"2023-01-18T14:22:48","slug":"unser-kollege-marten-im-interview","status":"publish","type":"post","link":"https:\/\/www.ki-management.com\/en\/2022\/unser-kollege-marten-im-interview\/","title":{"rendered":"[:de]Unser Kollege Marten im Interview[:]"},"content":{"rendered":"<p>[:de]<strong>Intelligent, kooperativ und mutig &#8211; daf\u00fcr steht das KI.M und darauf legen wir auch bei unseren Kolleginnen und Kollegen Wert. Daher freuen wir uns sehr, dass Marten Bischoff uns als Consultant seit Ende letzten Jahres unterst\u00fctzt.<\/strong><\/p>\n<p><strong>Erz\u00e4hl uns mehr \u00fcber dich &#8211; Wer bist du?<\/strong><\/p>\n<blockquote><p>Ich bin Marten Bischoff, 23 Jahre alt und seit dem 01.11.2022 Consultant im K\u00f6lner Institut f\u00fcr Managementberatung. Nach meinem Abitur habe ich in Bielefeld Psychologie mit den Schwerpunkten Arbeits- und Organisationspsychologie sowie Personal- und angewandte Sozialpsychologie studiert. Im Zuge meiner Masterarbeit besch\u00e4ftigte ich mich mit einer innovativen Art der digitalen Eignungsdiagnostik und untersuchte Spitzensportler der ersten Fu\u00dfballbundesliga. Neben meiner Studienzeit war ich ca. 4 Jahre Trainer und sportpsychologischer Mitarbeiter im Nachwuchsleistungszentrum von Arminia Bielefeld. Neben dem Studium und der T\u00e4tigkeit im Fu\u00dfball war ich als Werksstudent im Bereich der internen Personalentwicklung eines global agierenden Unternehmens t\u00e4tig. Die verschiedenen Stationen meines Lebens haben mich best\u00e4rkt meinen Weg zu gehen, der mich nun nach K\u00f6ln gef\u00fchrt hat. Ich bin gl\u00fccklich im KI.M angekommen zu sein und freue mich, meine bisherigen Erfahrungen einzubringen sowie diese weiter auszubauen.<\/p><\/blockquote>\n<p><strong>Keine falsche Scheu &#8211; Wodurch hast du uns im Bewerbungsgespr\u00e4ch von dir \u00fcberzeugt?<\/strong><\/p>\n<blockquote><p>Meine offene und kommunikative Art erm\u00f6glichte es mir schon w\u00e4hrend des ersten Kennenlernens eine Beziehung zum Gegen\u00fcber aufzubauen. In Kombination mit meiner Begeisterungsf\u00e4higkeit, der Neugierde sowie dem Mut neue Dinge auszuprobieren, habe ich mich in der Kultur des KI.M sofort wohlgef\u00fchlt. Zus\u00e4tzlich zu meinen pers\u00f6nlichen Eigenschaften habe ich au\u00dferdem ein hohes wissenschaftliches Interesse und konnte vielseitige Erfahrungen im wirtschaftlichen Unternehmenskontext sowie sportlichen Vereinskontext sammeln.<\/p><\/blockquote>\n<p><strong>Verstand, Herz oder Mut \u2013 Welcher Baustein der KI.M-Beratung spricht dich am meisten an und warum?<\/strong><\/p>\n<blockquote><p>Ein zentraler Grund mich f\u00fcr das KI.M zu entscheiden war die Mischung der drei Markenbausteine. Meines Erachtens f\u00fchrt die Kombination von Verstand, Herz und Mut zum Erfolg.<br \/>\nIch pers\u00f6nlich nutze den Verstand, um mich stetig weiterzuentwickeln, innovative sowie individuelle L\u00f6sungen zu finden und aktuelle sowie zuk\u00fcnftige Herausforderungen zu bew\u00e4ltigen.<br \/>\nDie rheinisch offene und herzliche Art begleiten mich schon mein Leben lang. Au\u00dferdem zeigten mir die verschiedenen beruflichen Stationen sowie meine starke Pr\u00e4ferenz f\u00fcr Mannschaftssportarten immer wieder: Gemeinsam ist mehr m\u00f6glich.<br \/>\nNicht zuletzt ist Mut eine f\u00fcr mich sehr wichtige Eigenschaft, die es mir erm\u00f6glicht, jegliche Herausforderungen anzunehmen. F\u00fcr mich pers\u00f6nlich ist der \u201eSprung ins kalte Wasser\u201c die beste M\u00f6glichkeit mit Spa\u00df schnell zu lernen.<\/p><\/blockquote>\n<p><strong>Ab in die Zukunft &#8211; Welches technische Gimmick w\u00fcrdest du erfinden, das dir im Job oder zu Hause das Leben leichter macht? <\/strong><\/p>\n<blockquote><p>Mein Wunsch w\u00e4re es fliegen zu k\u00f6nnen. Dadurch k\u00f6nnte ich nicht nur schnell gro\u00dfe Strecken (bspw. zwischen Kundenterminen) zur\u00fccklegen, sondern h\u00e4tte auch jede Menge Spa\u00df dabei. Zudem w\u00e4re es mir m\u00f6glich, sinnbildlich neue Perspektiven einzunehmen, um jegliche Herausforderungen multidimensional betrachten zu k\u00f6nnen.<\/p><\/blockquote>\n<p><strong>Ob Reiseziel, Unternehmung oder Aktivit\u00e4t &#8211; Was steht ganz oben auf deiner Bucket-List?<\/strong><\/p>\n<blockquote><p>Zun\u00e4chst m\u00f6chte ich als neuzugezogener K\u00f6lner mein neues Zuhause besser kennenlernen. Ich konnte in der Zwischenzeit zwar schon einige Veedel entdecken, aber f\u00fcr mich gibt es noch einiges zu sehen und zu erleben. Hinsichtlich anstehender Reisen hat mich zuletzt die Rundreise durch Amerika zwischen Studium und Arbeitsbeginn noch neugieriger auf neue Menschen, Kulturen und Landschaften gemacht. In diesem Jahr m\u00f6chte ich daher meine Kindheitserinnerungen des Wanderns wieder aufleben lassen und Skandinavien bereisen.<\/p><\/blockquote>\n<p><strong>Herzlich Willkommen im KI.M, Marten!<\/strong>[:]<\/p>\n","protected":false},"excerpt":{"rendered":"<p>[:de]Intelligent, kooperativ und mutig &#8211; daf\u00fcr steht das KI.M und darauf legen wir auch bei unseren Kolleginnen und Kollegen Wert. Daher freuen wir uns sehr, dass Marten Bischoff uns als Consultant seit Ende letzten Jahres unterst\u00fctzt. Erz\u00e4hl uns mehr \u00fcber dich &#8211; Wer bist du? Ich bin Marten Bischoff, 23 Jahre alt und seit dem &#8230; <a title=\"[:de]Unser Kollege Marten im Interview[:]\" class=\"read-more\" href=\"https:\/\/www.ki-management.com\/en\/2022\/unser-kollege-marten-im-interview\/\" aria-label=\"Read more about [:de]Unser Kollege Marten im Interview[:]\">Weiterlesen &#8230;<\/a><\/p>\n","protected":false},"author":2,"featured_media":2023,"comment_status":"open","ping_status":"closed","sticky":false,"template":"","format":"standard","meta":{"inline_featured_image":false,"_uag_custom_page_level_css":"","footnotes":""},"categories":[11],"tags":[57,59,66,128],"class_list":["post-2022","post","type-post","status-publish","format-standard","has-post-thumbnail","hentry","category-news","tag-interview","tag-jobeinstieg","tag-ki-kollegen","tag-willkommen","generate-columns","tablet-grid-50","mobile-grid-100","grid-parent","grid-50"],"yoast_head":"<!-- This site is optimized with the Yoast SEO plugin v27.5 - https:\/\/yoast.com\/product\/yoast-seo-wordpress\/ -->\n<title>[:de]Unser Kollege Marten im Interview[:] - K\u00f6lner Institut f\u00fcr Managementberatung<\/title>\n<meta name=\"robots\" content=\"index, follow, max-snippet:-1, max-image-preview:large, max-video-preview:-1\" \/>\n<link rel=\"canonical\" href=\"https:\/\/www.ki-management.com\/en\/2022\/unser-kollege-marten-im-interview\/\" \/>\n<meta property=\"og:locale\" content=\"en_US\" \/>\n<meta property=\"og:type\" content=\"article\" \/>\n<meta property=\"og:title\" content=\"[:de]Unser Kollege Marten im Interview[:] - K\u00f6lner Institut f\u00fcr Managementberatung\" \/>\n<meta property=\"og:description\" content=\"[:de]Intelligent, kooperativ und mutig &#8211; daf\u00fcr steht das KI.M und darauf legen wir auch bei unseren Kolleginnen und Kollegen Wert. Daher freuen wir uns sehr, dass Marten Bischoff uns als Consultant seit Ende letzten Jahres unterst\u00fctzt. Erz\u00e4hl uns mehr \u00fcber dich &#8211; Wer bist du? Ich bin Marten Bischoff, 23 Jahre alt und seit dem ... Weiterlesen ...\" \/>\n<meta property=\"og:url\" content=\"https:\/\/www.ki-management.com\/en\/2022\/unser-kollege-marten-im-interview\/\" \/>\n<meta property=\"og:site_name\" content=\"K\u00f6lner Institut f\u00fcr Managementberatung\" \/>\n<meta property=\"article:published_time\" content=\"2023-01-18T14:22:48+00:00\" \/>\n<meta property=\"og:image\" content=\"https:\/\/www.ki-management.com\/wp-content\/uploads\/2023\/01\/IMG_1106-scaled-e1673301934913.jpg\" \/>\n\t<meta property=\"og:image:width\" content=\"2560\" \/>\n\t<meta property=\"og:image:height\" content=\"1241\" \/>\n\t<meta property=\"og:image:type\" content=\"image\/jpeg\" \/>\n<meta name=\"author\" content=\"Kim Johannsen\" \/>\n<meta name=\"twitter:card\" content=\"summary_large_image\" \/>\n<meta name=\"twitter:label1\" content=\"Written by\" \/>\n\t<meta name=\"twitter:data1\" content=\"Kim Johannsen\" \/>\n\t<meta name=\"twitter:label2\" content=\"Est. reading time\" \/>\n\t<meta name=\"twitter:data2\" content=\"3 minutes\" \/>\n<script type=\"application\/ld+json\" class=\"yoast-schema-graph\">{\"@context\":\"https:\\\/\\\/schema.org\",\"@graph\":[{\"@type\":\"Article\",\"@id\":\"https:\\\/\\\/www.ki-management.com\\\/2022\\\/unser-kollege-marten-im-interview\\\/#article\",\"isPartOf\":{\"@id\":\"https:\\\/\\\/www.ki-management.com\\\/2022\\\/unser-kollege-marten-im-interview\\\/\"},\"author\":{\"name\":\"Kim Johannsen\",\"@id\":\"https:\\\/\\\/www.ki-management.com\\\/#\\\/schema\\\/person\\\/01147fff2b1f7eb8c15ab402c0cb8b1d\"},\"headline\":\"[:de]Unser Kollege Marten im Interview[:]\",\"datePublished\":\"2023-01-18T14:22:48+00:00\",\"mainEntityOfPage\":{\"@id\":\"https:\\\/\\\/www.ki-management.com\\\/2022\\\/unser-kollege-marten-im-interview\\\/\"},\"wordCount\":603,\"commentCount\":0,\"publisher\":{\"@id\":\"https:\\\/\\\/www.ki-management.com\\\/#organization\"},\"image\":{\"@id\":\"https:\\\/\\\/www.ki-management.com\\\/2022\\\/unser-kollege-marten-im-interview\\\/#primaryimage\"},\"thumbnailUrl\":\"https:\\\/\\\/www.ki-management.com\\\/wp-content\\\/uploads\\\/2023\\\/01\\\/IMG_1106-scaled-e1673301934913.jpg\",\"keywords\":[\"Interview\",\"Jobeinstieg\",\"KI.Kollegen\",\"Willkommen\"],\"articleSection\":[\"news\"],\"inLanguage\":\"en-US\",\"potentialAction\":[{\"@type\":\"CommentAction\",\"name\":\"Comment\",\"target\":[\"https:\\\/\\\/www.ki-management.com\\\/2022\\\/unser-kollege-marten-im-interview\\\/#respond\"]}]},{\"@type\":\"WebPage\",\"@id\":\"https:\\\/\\\/www.ki-management.com\\\/2022\\\/unser-kollege-marten-im-interview\\\/\",\"url\":\"https:\\\/\\\/www.ki-management.com\\\/2022\\\/unser-kollege-marten-im-interview\\\/\",\"name\":\"[:de]Unser Kollege Marten im Interview[:] - K\u00f6lner Institut f\u00fcr Managementberatung\",\"isPartOf\":{\"@id\":\"https:\\\/\\\/www.ki-management.com\\\/#website\"},\"primaryImageOfPage\":{\"@id\":\"https:\\\/\\\/www.ki-management.com\\\/2022\\\/unser-kollege-marten-im-interview\\\/#primaryimage\"},\"image\":{\"@id\":\"https:\\\/\\\/www.ki-management.com\\\/2022\\\/unser-kollege-marten-im-interview\\\/#primaryimage\"},\"thumbnailUrl\":\"https:\\\/\\\/www.ki-management.com\\\/wp-content\\\/uploads\\\/2023\\\/01\\\/IMG_1106-scaled-e1673301934913.jpg\",\"datePublished\":\"2023-01-18T14:22:48+00:00\",\"breadcrumb\":{\"@id\":\"https:\\\/\\\/www.ki-management.com\\\/2022\\\/unser-kollege-marten-im-interview\\\/#breadcrumb\"},\"inLanguage\":\"en-US\",\"potentialAction\":[{\"@type\":\"ReadAction\",\"target\":[\"https:\\\/\\\/www.ki-management.com\\\/2022\\\/unser-kollege-marten-im-interview\\\/\"]}]},{\"@type\":\"ImageObject\",\"inLanguage\":\"en-US\",\"@id\":\"https:\\\/\\\/www.ki-management.com\\\/2022\\\/unser-kollege-marten-im-interview\\\/#primaryimage\",\"url\":\"https:\\\/\\\/www.ki-management.com\\\/wp-content\\\/uploads\\\/2023\\\/01\\\/IMG_1106-scaled-e1673301934913.jpg\",\"contentUrl\":\"https:\\\/\\\/www.ki-management.com\\\/wp-content\\\/uploads\\\/2023\\\/01\\\/IMG_1106-scaled-e1673301934913.jpg\",\"width\":2560,\"height\":1241},{\"@type\":\"BreadcrumbList\",\"@id\":\"https:\\\/\\\/www.ki-management.com\\\/2022\\\/unser-kollege-marten-im-interview\\\/#breadcrumb\",\"itemListElement\":[{\"@type\":\"ListItem\",\"position\":1,\"name\":\"Startseite\",\"item\":\"https:\\\/\\\/www.ki-management.com\\\/\"},{\"@type\":\"ListItem\",\"position\":2,\"name\":\"[:de]Unser Kollege Marten im Interview[:]\"}]},{\"@type\":\"WebSite\",\"@id\":\"https:\\\/\\\/www.ki-management.com\\\/#website\",\"url\":\"https:\\\/\\\/www.ki-management.com\\\/\",\"name\":\"K\u00f6lner Institut f\u00fcr Managementberatung\",\"description\":\"\",\"publisher\":{\"@id\":\"https:\\\/\\\/www.ki-management.com\\\/#organization\"},\"potentialAction\":[{\"@type\":\"SearchAction\",\"target\":{\"@type\":\"EntryPoint\",\"urlTemplate\":\"https:\\\/\\\/www.ki-management.com\\\/?s={search_term_string}\"},\"query-input\":{\"@type\":\"PropertyValueSpecification\",\"valueRequired\":true,\"valueName\":\"search_term_string\"}}],\"inLanguage\":\"en-US\"},{\"@type\":\"Organization\",\"@id\":\"https:\\\/\\\/www.ki-management.com\\\/#organization\",\"name\":\"K\u00f6lner Institut f\u00fcr Managementberatung\",\"url\":\"https:\\\/\\\/www.ki-management.com\\\/\",\"logo\":{\"@type\":\"ImageObject\",\"inLanguage\":\"en-US\",\"@id\":\"https:\\\/\\\/www.ki-management.com\\\/#\\\/schema\\\/logo\\\/image\\\/\",\"url\":\"https:\\\/\\\/www.ki-management.com\\\/wp-content\\\/uploads\\\/2025\\\/05\\\/K.I.M_Logo_pos.svg\",\"contentUrl\":\"https:\\\/\\\/www.ki-management.com\\\/wp-content\\\/uploads\\\/2025\\\/05\\\/K.I.M_Logo_pos.svg\",\"width\":100,\"height\":100,\"caption\":\"K\u00f6lner Institut f\u00fcr Managementberatung\"},\"image\":{\"@id\":\"https:\\\/\\\/www.ki-management.com\\\/#\\\/schema\\\/logo\\\/image\\\/\"}},{\"@type\":\"Person\",\"@id\":\"https:\\\/\\\/www.ki-management.com\\\/#\\\/schema\\\/person\\\/01147fff2b1f7eb8c15ab402c0cb8b1d\",\"name\":\"Kim Johannsen\",\"description\":\"E-Mail: kim.johannsen@moveup.de Telefon: +49 123 456789\",\"url\":\"https:\\\/\\\/www.ki-management.com\\\/en\\\/author\\\/k-johannsen\\\/\"}]}<\/script>\n<!-- \/ Yoast SEO plugin. -->","yoast_head_json":{"title":"[:de]Unser Kollege Marten im Interview[:] - K\u00f6lner Institut f\u00fcr Managementberatung","robots":{"index":"index","follow":"follow","max-snippet":"max-snippet:-1","max-image-preview":"max-image-preview:large","max-video-preview":"max-video-preview:-1"},"canonical":"https:\/\/www.ki-management.com\/en\/2022\/unser-kollege-marten-im-interview\/","og_locale":"en_US","og_type":"article","og_title":"[:de]Unser Kollege Marten im Interview[:] - K\u00f6lner Institut f\u00fcr Managementberatung","og_description":"[:de]Intelligent, kooperativ und mutig &#8211; daf\u00fcr steht das KI.M und darauf legen wir auch bei unseren Kolleginnen und Kollegen Wert. Daher freuen wir uns sehr, dass Marten Bischoff uns als Consultant seit Ende letzten Jahres unterst\u00fctzt. Erz\u00e4hl uns mehr \u00fcber dich &#8211; Wer bist du? Ich bin Marten Bischoff, 23 Jahre alt und seit dem ... Weiterlesen ...","og_url":"https:\/\/www.ki-management.com\/en\/2022\/unser-kollege-marten-im-interview\/","og_site_name":"K\u00f6lner Institut f\u00fcr Managementberatung","article_published_time":"2023-01-18T14:22:48+00:00","og_image":[{"width":2560,"height":1241,"url":"https:\/\/www.ki-management.com\/wp-content\/uploads\/2023\/01\/IMG_1106-scaled-e1673301934913.jpg","type":"image\/jpeg"}],"author":"Kim Johannsen","twitter_card":"summary_large_image","twitter_misc":{"Written by":"Kim Johannsen","Est. reading time":"3 minutes"},"schema":{"@context":"https:\/\/schema.org","@graph":[{"@type":"Article","@id":"https:\/\/www.ki-management.com\/2022\/unser-kollege-marten-im-interview\/#article","isPartOf":{"@id":"https:\/\/www.ki-management.com\/2022\/unser-kollege-marten-im-interview\/"},"author":{"name":"Kim Johannsen","@id":"https:\/\/www.ki-management.com\/#\/schema\/person\/01147fff2b1f7eb8c15ab402c0cb8b1d"},"headline":"[:de]Unser Kollege Marten im Interview[:]","datePublished":"2023-01-18T14:22:48+00:00","mainEntityOfPage":{"@id":"https:\/\/www.ki-management.com\/2022\/unser-kollege-marten-im-interview\/"},"wordCount":603,"commentCount":0,"publisher":{"@id":"https:\/\/www.ki-management.com\/#organization"},"image":{"@id":"https:\/\/www.ki-management.com\/2022\/unser-kollege-marten-im-interview\/#primaryimage"},"thumbnailUrl":"https:\/\/www.ki-management.com\/wp-content\/uploads\/2023\/01\/IMG_1106-scaled-e1673301934913.jpg","keywords":["Interview","Jobeinstieg","KI.Kollegen","Willkommen"],"articleSection":["news"],"inLanguage":"en-US","potentialAction":[{"@type":"CommentAction","name":"Comment","target":["https:\/\/www.ki-management.com\/2022\/unser-kollege-marten-im-interview\/#respond"]}]},{"@type":"WebPage","@id":"https:\/\/www.ki-management.com\/2022\/unser-kollege-marten-im-interview\/","url":"https:\/\/www.ki-management.com\/2022\/unser-kollege-marten-im-interview\/","name":"[:de]Unser Kollege Marten im Interview[:] - K\u00f6lner Institut f\u00fcr Managementberatung","isPartOf":{"@id":"https:\/\/www.ki-management.com\/#website"},"primaryImageOfPage":{"@id":"https:\/\/www.ki-management.com\/2022\/unser-kollege-marten-im-interview\/#primaryimage"},"image":{"@id":"https:\/\/www.ki-management.com\/2022\/unser-kollege-marten-im-interview\/#primaryimage"},"thumbnailUrl":"https:\/\/www.ki-management.com\/wp-content\/uploads\/2023\/01\/IMG_1106-scaled-e1673301934913.jpg","datePublished":"2023-01-18T14:22:48+00:00","breadcrumb":{"@id":"https:\/\/www.ki-management.com\/2022\/unser-kollege-marten-im-interview\/#breadcrumb"},"inLanguage":"en-US","potentialAction":[{"@type":"ReadAction","target":["https:\/\/www.ki-management.com\/2022\/unser-kollege-marten-im-interview\/"]}]},{"@type":"ImageObject","inLanguage":"en-US","@id":"https:\/\/www.ki-management.com\/2022\/unser-kollege-marten-im-interview\/#primaryimage","url":"https:\/\/www.ki-management.com\/wp-content\/uploads\/2023\/01\/IMG_1106-scaled-e1673301934913.jpg","contentUrl":"https:\/\/www.ki-management.com\/wp-content\/uploads\/2023\/01\/IMG_1106-scaled-e1673301934913.jpg","width":2560,"height":1241},{"@type":"BreadcrumbList","@id":"https:\/\/www.ki-management.com\/2022\/unser-kollege-marten-im-interview\/#breadcrumb","itemListElement":[{"@type":"ListItem","position":1,"name":"Startseite","item":"https:\/\/www.ki-management.com\/"},{"@type":"ListItem","position":2,"name":"[:de]Unser Kollege Marten im Interview[:]"}]},{"@type":"WebSite","@id":"https:\/\/www.ki-management.com\/#website","url":"https:\/\/www.ki-management.com\/","name":"Cologne Institute for Management Consulting","description":"","publisher":{"@id":"https:\/\/www.ki-management.com\/#organization"},"potentialAction":[{"@type":"SearchAction","target":{"@type":"EntryPoint","urlTemplate":"https:\/\/www.ki-management.com\/?s={search_term_string}"},"query-input":{"@type":"PropertyValueSpecification","valueRequired":true,"valueName":"search_term_string"}}],"inLanguage":"en-US"},{"@type":"Organization","@id":"https:\/\/www.ki-management.com\/#organization","name":"Cologne Institute for Management Consulting","url":"https:\/\/www.ki-management.com\/","logo":{"@type":"ImageObject","inLanguage":"en-US","@id":"https:\/\/www.ki-management.com\/#\/schema\/logo\/image\/","url":"https:\/\/www.ki-management.com\/wp-content\/uploads\/2025\/05\/K.I.M_Logo_pos.svg","contentUrl":"https:\/\/www.ki-management.com\/wp-content\/uploads\/2025\/05\/K.I.M_Logo_pos.svg","width":100,"height":100,"caption":"K\u00f6lner Institut f\u00fcr Managementberatung"},"image":{"@id":"https:\/\/www.ki-management.com\/#\/schema\/logo\/image\/"}},{"@type":"Person","@id":"https:\/\/www.ki-management.com\/#\/schema\/person\/01147fff2b1f7eb8c15ab402c0cb8b1d","name":"Kim Johannsen","description":"E-Mail: kim.johannsen@moveup.de Telefon: +49 123 456789","url":"https:\/\/www.ki-management.com\/en\/author\/k-johannsen\/"}]}},"spectra_custom_meta":{"wp_statistics_words_count":["527"],"_edit_last":["2"],"_thumbnail_id":["2023"],"_yoast_wpseo_focuskw":["[:de]Marten[:]"],"_yoast_wpseo_linkdex":["38"],"_yoast_wpseo_content_score":["90"],"_yoast_wpseo_estimated-reading-time-minutes":["3"],"_yoast_wpseo_wordproof_timestamp":[""],"_uag_css_file_name":["uag-css-2022.css"]},"uagb_featured_image_src":{"full":["https:\/\/www.ki-management.com\/wp-content\/uploads\/2023\/01\/IMG_1106-scaled-e1673301934913.jpg",2560,1241,false],"thumbnail":["https:\/\/www.ki-management.com\/wp-content\/uploads\/2023\/01\/IMG_1106-scaled-e1673301934913-150x150.jpg",150,150,true],"medium":["https:\/\/www.ki-management.com\/wp-content\/uploads\/2023\/01\/IMG_1106-scaled-e1673301934913-300x145.jpg",300,145,true],"medium_large":["https:\/\/www.ki-management.com\/wp-content\/uploads\/2023\/01\/IMG_1106-scaled-e1673301934913-768x372.jpg",768,372,true],"large":["https:\/\/www.ki-management.com\/wp-content\/uploads\/2023\/01\/IMG_1106-scaled-e1673301934913-1024x496.jpg",1024,496,true],"1536x1536":["https:\/\/www.ki-management.com\/wp-content\/uploads\/2023\/01\/IMG_1106-scaled-e1673301934913-1536x745.jpg",1536,745,true],"2048x2048":["https:\/\/www.ki-management.com\/wp-content\/uploads\/2023\/01\/IMG_1106-scaled-e1673301934913-2048x993.jpg",2048,993,true],"trp-custom-language-flag":["https:\/\/www.ki-management.com\/wp-content\/uploads\/2023\/01\/IMG_1106-scaled-e1673301934913.jpg",18,9,false],"3-2-Thumb":["https:\/\/www.ki-management.com\/wp-content\/uploads\/2023\/01\/IMG_1106-scaled-e1673301934913-640x480.jpg",640,480,true],"SquareThumb":["https:\/\/www.ki-management.com\/wp-content\/uploads\/2023\/01\/IMG_1106-scaled-e1673301934913-960x960.jpg",960,960,true],"16-9-Thumb":["https:\/\/www.ki-management.com\/wp-content\/uploads\/2023\/01\/IMG_1106-scaled-e1673301934913-960x540.jpg",960,540,true],"SquareBig":["https:\/\/www.ki-management.com\/wp-content\/uploads\/2023\/01\/IMG_1106-scaled-e1673301934913-1920x1241.jpg",1920,1241,true],"16-9-Big":["https:\/\/www.ki-management.com\/wp-content\/uploads\/2023\/01\/IMG_1106-scaled-e1673301934913-1980x1080.jpg",1980,1080,true]},"uagb_author_info":{"display_name":"Kim Johannsen","author_link":"https:\/\/www.ki-management.com\/en\/author\/k-johannsen\/"},"uagb_comment_info":0,"uagb_excerpt":"[:de]Intelligent, kooperativ und mutig &#8211; daf\u00fcr steht das KI.M und darauf legen wir auch bei unseren Kolleginnen und Kollegen Wert. Daher freuen wir uns sehr, dass Marten Bischoff uns als Consultant seit Ende letzten Jahres unterst\u00fctzt. Erz\u00e4hl uns mehr \u00fcber dich &#8211; Wer bist du? Ich bin Marten Bischoff, 23 Jahre alt und seit dem&hellip;","_links":{"self":[{"href":"https:\/\/www.ki-management.com\/en\/wp-json\/wp\/v2\/posts\/2022","targetHints":{"allow":["GET"]}}],"collection":[{"href":"https:\/\/www.ki-management.com\/en\/wp-json\/wp\/v2\/posts"}],"about":[{"href":"https:\/\/www.ki-management.com\/en\/wp-json\/wp\/v2\/types\/post"}],"author":[{"embeddable":true,"href":"https:\/\/www.ki-management.com\/en\/wp-json\/wp\/v2\/users\/2"}],"replies":[{"embeddable":true,"href":"https:\/\/www.ki-management.com\/en\/wp-json\/wp\/v2\/comments?post=2022"}],"version-history":[{"count":0,"href":"https:\/\/www.ki-management.com\/en\/wp-json\/wp\/v2\/posts\/2022\/revisions"}],"wp:featuredmedia":[{"embeddable":true,"href":"https:\/\/www.ki-management.com\/en\/wp-json\/wp\/v2\/media\/2023"}],"wp:attachment":[{"href":"https:\/\/www.ki-management.com\/en\/wp-json\/wp\/v2\/media?parent=2022"}],"wp:term":[{"taxonomy":"category","embeddable":true,"href":"https:\/\/www.ki-management.com\/en\/wp-json\/wp\/v2\/categories?post=2022"},{"taxonomy":"post_tag","embeddable":true,"href":"https:\/\/www.ki-management.com\/en\/wp-json\/wp\/v2\/tags?post=2022"}],"curies":[{"name":"wp","href":"https:\/\/api.w.org\/{rel}","templated":true}]}}