{"id":2126,"date":"2023-07-19T17:17:08","date_gmt":"2023-07-19T15:17:08","guid":{"rendered":"https:\/\/blog.ki-management.com\/?p=2126"},"modified":"2023-07-19T17:17:08","modified_gmt":"2023-07-19T15:17:08","slug":"unsere-neue-kollegin-iris-im-interview","status":"publish","type":"post","link":"https:\/\/www.ki-management.com\/en\/2126\/unsere-neue-kollegin-iris-im-interview\/","title":{"rendered":"[:de]Unsere neue Kollegin Iris im Interview[:]"},"content":{"rendered":"<p>[:de][:de]<strong>Unsere neue Kollegin Iris unterst\u00fctzt uns seit Juli 2023 als Senior Consultant. Nicht nur durch ihre fundierten Erfahrungen aus der Wissenschaft und Praxis, sondern auch menschlich bereichert sie unser Team. Wir freuen uns gemeinsam mit ihr neue Projekte umzusetzen.<br \/>\n<\/strong><\/p>\n<p><strong>Erz\u00e4hl uns mehr \u00fcber dich &#8211; Wer bist du?<\/strong><\/p>\n<blockquote><p>Ich bin Iris Kranefeld und unterst\u00fctze das KI.M seit Juli als Senior Consultant. W\u00e4hrend meiner letzten beruflichen Station war ich als wissenschaftliche Mitarbeiterin in der Abteilung Arbeits-, Organisations- und Wirtschaftspsychologie der Universit\u00e4t Bonn t\u00e4tig, wo ich geforscht und gelehrt habe. Im Jahr 2021 habe ich dort meine Promotion abgeschlossen. Daneben bin ich seit meiner systemischen Coachingausbildung 2018 freiberuflich als Coach und Trainerin unterwegs gewesen und habe in dem Rahmen einige spannende Einblicke gewonnen. Das letzte Jahr habe ich mir nach meiner Promotion eine Auszeit genommen und freue mich, jetzt mit neuer Energie durchzustarten. Auf das KI.M aufmerksam geworden bin ich durch einen KI.M-Alumnus, der mir neben den spannenden Projekten vor allem auch das gro\u00dfartige Team ans Herz gelegt hat.<\/p><\/blockquote>\n<p><strong>Keine falsche Scheu &#8211; Wodurch hast du uns im Bewerbungsgespr\u00e4ch von dir \u00fcberzeugt?<\/strong><\/p>\n<blockquote><p>Vielseitigkeit ist das Erste, was mir bei diesem Punkt einf\u00e4llt: Ich habe nicht nur eine gro\u00dfe Leidenschaft rund um die Arbeit mit und f\u00fcr Menschen und Organisationen, sondern bringe gleichzeitig mein breites Repertoire an Erfahrungen aus der Wissenschaft und Praxis mit. Dar\u00fcber hinaus bleibe ich immer neugierig und bin stets offen daf\u00fcr, Neues zu lernen.<\/p><\/blockquote>\n<p><strong>Verstand, Herz oder Mut \u2013 Welcher Baustein der KI.M-Beratung spricht dich am meisten an und warum?<\/strong><\/p>\n<blockquote><p>Vor ein paar Jahren h\u00e4tte ich wahrscheinlich ohne zu z\u00f6gern mit &#8222;Verstand&#8220; geantwortet, weil lebenslanges Lernen und Lehren zu meinen Grundwerten geh\u00f6ren. Heute w\u00fcrde ich sagen &#8222;Mut&#8220;, weil ich in der letzten Zeit sehr viele Spr\u00fcnge ins Ungewisse gewagt habe (z.B. mir ein Jahr Auszeit zu nehmen). Gelernt habe ich dadurch, dass mutig zu sein nicht immer hei\u00dfen muss, vorw\u00e4rtszugehen. Es kann auch bedeuten, mal stehen zu bleiben oder zur\u00fcckzuschauen. Dadurch k\u00f6nnen sich ganz ungeahnte M\u00f6glichkeiten entwickeln.<\/p><\/blockquote>\n<p><strong>Ab in die Zukunft &#8211; Welches technische Gimmick w\u00fcrdest du erfinden, das dir im Job oder zu Hause das Leben leichter macht? <\/strong><\/p>\n<blockquote><p>Ich w\u00fcrde mir eine Art Warteschlangen-App wie im Freizeitpark f\u00fcrs ganze Leben w\u00fcnschen, da ich es nicht mag, zu warten oder anzustehen. Wo ist gerade die schnellste Sicherheitskontrolle im Flughafen? Wann ist der Supermarkt gerade leer? Welche Bahnverbindung hat die wenigsten Reisenden? Wie lang ist aktuell die Schlange beim Caf\u00e9 um die Ecke? Ein Add-On des Gadgets f\u00fcr mich w\u00e4re ein FAQ f\u00fcr &#8222;effizientes Anstehen&#8220;, damit ich die Zeit beim Anstehen gut nutzen kann.<\/p><\/blockquote>\n<p><strong>Ob Reiseziel, Unternehmung oder Aktivit\u00e4t &#8211; Was steht ganz oben auf deiner Bucket-List?<\/strong><\/p>\n<blockquote><p>Da mein Berufswunsch als Kind immer &#8222;Abenteurerin&#8220; war, gibt es ziemlich viel, was ich gerne sehen und lernen w\u00fcrde, von Orten bis hin zu F\u00e4higkeiten und Sprachen. Ich wollte schon immer nach S\u00fcd- und Mittelamerika &#8211; das hat sich bisher zwar noch nicht ergeben, steht aber fest auf meiner Bucket-List. Zu einer Runde Heliskiing in Kanada w\u00fcrde ich auch nicht nein sagen, leichter umsetzbar k\u00f6nnte aber auch erstmal ein Surf-Kurs sein.<\/p><\/blockquote>\n<p><strong>Herzlich Willkommen im KI.M, Iris!<\/strong>[:][:]<\/p>\n","protected":false},"excerpt":{"rendered":"<p>[:de][:de]Unsere neue Kollegin Iris unterst\u00fctzt uns seit Juli 2023 als Senior Consultant. Nicht nur durch ihre fundierten Erfahrungen aus der Wissenschaft und Praxis, sondern auch menschlich bereichert sie unser Team. Wir freuen uns gemeinsam mit ihr neue Projekte umzusetzen. Erz\u00e4hl uns mehr \u00fcber dich &#8211; Wer bist du? Ich bin Iris Kranefeld und unterst\u00fctze das &#8230; <a title=\"[:de]Unsere neue Kollegin Iris im Interview[:]\" class=\"read-more\" href=\"https:\/\/www.ki-management.com\/en\/2126\/unsere-neue-kollegin-iris-im-interview\/\" aria-label=\"Read more about [:de]Unsere neue Kollegin Iris im Interview[:]\">Weiterlesen &#8230;<\/a><\/p>\n","protected":false},"author":2,"featured_media":2154,"comment_status":"open","ping_status":"closed","sticky":false,"template":"","format":"standard","meta":{"inline_featured_image":false,"_uag_custom_page_level_css":"","footnotes":""},"categories":[5,6,7,9,10,11],"tags":[],"class_list":["post-2126","post","type-post","status-publish","format-standard","has-post-thumbnail","hentry","category-engagiert","category-intelligent","category-intern","category-kooperativ","category-mutig","category-news","generate-columns","tablet-grid-50","mobile-grid-100","grid-parent","grid-50"],"yoast_head":"<!-- This site is optimized with the Yoast SEO plugin v27.5 - https:\/\/yoast.com\/product\/yoast-seo-wordpress\/ -->\n<title>[:de]Unsere neue Kollegin Iris im Interview[:] - K\u00f6lner Institut f\u00fcr Managementberatung<\/title>\n<meta name=\"robots\" content=\"index, follow, max-snippet:-1, max-image-preview:large, max-video-preview:-1\" \/>\n<link rel=\"canonical\" href=\"https:\/\/www.ki-management.com\/en\/2126\/unsere-neue-kollegin-iris-im-interview\/\" \/>\n<meta property=\"og:locale\" content=\"en_US\" \/>\n<meta property=\"og:type\" content=\"article\" \/>\n<meta property=\"og:title\" content=\"[:de]Unsere neue Kollegin Iris im Interview[:] - K\u00f6lner Institut f\u00fcr Managementberatung\" \/>\n<meta property=\"og:description\" content=\"[:de][:de]Unsere neue Kollegin Iris unterst\u00fctzt uns seit Juli 2023 als Senior Consultant. Nicht nur durch ihre fundierten Erfahrungen aus der Wissenschaft und Praxis, sondern auch menschlich bereichert sie unser Team. Wir freuen uns gemeinsam mit ihr neue Projekte umzusetzen. Erz\u00e4hl uns mehr \u00fcber dich &#8211; Wer bist du? Ich bin Iris Kranefeld und unterst\u00fctze das ... Weiterlesen ...\" \/>\n<meta property=\"og:url\" content=\"https:\/\/www.ki-management.com\/en\/2126\/unsere-neue-kollegin-iris-im-interview\/\" \/>\n<meta property=\"og:site_name\" content=\"K\u00f6lner Institut f\u00fcr Managementberatung\" \/>\n<meta property=\"article:published_time\" content=\"2023-07-19T15:17:08+00:00\" \/>\n<meta property=\"og:image\" content=\"https:\/\/www.ki-management.com\/wp-content\/uploads\/2023\/05\/IMG_2253-scaled-e1689690848968.jpg\" \/>\n\t<meta property=\"og:image:width\" content=\"2560\" \/>\n\t<meta property=\"og:image:height\" content=\"1164\" \/>\n\t<meta property=\"og:image:type\" content=\"image\/jpeg\" \/>\n<meta name=\"author\" content=\"Kim Johannsen\" \/>\n<meta name=\"twitter:card\" content=\"summary_large_image\" \/>\n<meta name=\"twitter:label1\" content=\"Written by\" \/>\n\t<meta name=\"twitter:data1\" content=\"Kim Johannsen\" \/>\n\t<meta name=\"twitter:label2\" content=\"Est. reading time\" \/>\n\t<meta name=\"twitter:data2\" content=\"1 minute\" \/>\n<script type=\"application\/ld+json\" class=\"yoast-schema-graph\">{\"@context\":\"https:\\\/\\\/schema.org\",\"@graph\":[{\"@type\":\"Article\",\"@id\":\"https:\\\/\\\/www.ki-management.com\\\/2126\\\/unsere-neue-kollegin-iris-im-interview\\\/#article\",\"isPartOf\":{\"@id\":\"https:\\\/\\\/www.ki-management.com\\\/2126\\\/unsere-neue-kollegin-iris-im-interview\\\/\"},\"author\":{\"name\":\"Kim Johannsen\",\"@id\":\"https:\\\/\\\/www.ki-management.com\\\/#\\\/schema\\\/person\\\/01147fff2b1f7eb8c15ab402c0cb8b1d\"},\"headline\":\"[:de]Unsere neue Kollegin Iris im Interview[:]\",\"datePublished\":\"2023-07-19T15:17:08+00:00\",\"mainEntityOfPage\":{\"@id\":\"https:\\\/\\\/www.ki-management.com\\\/2126\\\/unsere-neue-kollegin-iris-im-interview\\\/\"},\"wordCount\":560,\"commentCount\":0,\"publisher\":{\"@id\":\"https:\\\/\\\/www.ki-management.com\\\/#organization\"},\"image\":{\"@id\":\"https:\\\/\\\/www.ki-management.com\\\/2126\\\/unsere-neue-kollegin-iris-im-interview\\\/#primaryimage\"},\"thumbnailUrl\":\"https:\\\/\\\/www.ki-management.com\\\/wp-content\\\/uploads\\\/2023\\\/05\\\/IMG_2253-scaled-e1689690848968.jpg\",\"articleSection\":[\"engagiert\",\"intelligent\",\"intern\",\"kooperativ\",\"mutig\",\"news\"],\"inLanguage\":\"en-US\",\"potentialAction\":[{\"@type\":\"CommentAction\",\"name\":\"Comment\",\"target\":[\"https:\\\/\\\/www.ki-management.com\\\/2126\\\/unsere-neue-kollegin-iris-im-interview\\\/#respond\"]}]},{\"@type\":\"WebPage\",\"@id\":\"https:\\\/\\\/www.ki-management.com\\\/2126\\\/unsere-neue-kollegin-iris-im-interview\\\/\",\"url\":\"https:\\\/\\\/www.ki-management.com\\\/2126\\\/unsere-neue-kollegin-iris-im-interview\\\/\",\"name\":\"[:de]Unsere neue Kollegin Iris im Interview[:] - K\u00f6lner Institut f\u00fcr Managementberatung\",\"isPartOf\":{\"@id\":\"https:\\\/\\\/www.ki-management.com\\\/#website\"},\"primaryImageOfPage\":{\"@id\":\"https:\\\/\\\/www.ki-management.com\\\/2126\\\/unsere-neue-kollegin-iris-im-interview\\\/#primaryimage\"},\"image\":{\"@id\":\"https:\\\/\\\/www.ki-management.com\\\/2126\\\/unsere-neue-kollegin-iris-im-interview\\\/#primaryimage\"},\"thumbnailUrl\":\"https:\\\/\\\/www.ki-management.com\\\/wp-content\\\/uploads\\\/2023\\\/05\\\/IMG_2253-scaled-e1689690848968.jpg\",\"datePublished\":\"2023-07-19T15:17:08+00:00\",\"breadcrumb\":{\"@id\":\"https:\\\/\\\/www.ki-management.com\\\/2126\\\/unsere-neue-kollegin-iris-im-interview\\\/#breadcrumb\"},\"inLanguage\":\"en-US\",\"potentialAction\":[{\"@type\":\"ReadAction\",\"target\":[\"https:\\\/\\\/www.ki-management.com\\\/2126\\\/unsere-neue-kollegin-iris-im-interview\\\/\"]}]},{\"@type\":\"ImageObject\",\"inLanguage\":\"en-US\",\"@id\":\"https:\\\/\\\/www.ki-management.com\\\/2126\\\/unsere-neue-kollegin-iris-im-interview\\\/#primaryimage\",\"url\":\"https:\\\/\\\/www.ki-management.com\\\/wp-content\\\/uploads\\\/2023\\\/05\\\/IMG_2253-scaled-e1689690848968.jpg\",\"contentUrl\":\"https:\\\/\\\/www.ki-management.com\\\/wp-content\\\/uploads\\\/2023\\\/05\\\/IMG_2253-scaled-e1689690848968.jpg\",\"width\":2560,\"height\":1164},{\"@type\":\"BreadcrumbList\",\"@id\":\"https:\\\/\\\/www.ki-management.com\\\/2126\\\/unsere-neue-kollegin-iris-im-interview\\\/#breadcrumb\",\"itemListElement\":[{\"@type\":\"ListItem\",\"position\":1,\"name\":\"Startseite\",\"item\":\"https:\\\/\\\/www.ki-management.com\\\/\"},{\"@type\":\"ListItem\",\"position\":2,\"name\":\"[:de]Unsere neue Kollegin Iris im Interview[:]\"}]},{\"@type\":\"WebSite\",\"@id\":\"https:\\\/\\\/www.ki-management.com\\\/#website\",\"url\":\"https:\\\/\\\/www.ki-management.com\\\/\",\"name\":\"K\u00f6lner Institut f\u00fcr Managementberatung\",\"description\":\"\",\"publisher\":{\"@id\":\"https:\\\/\\\/www.ki-management.com\\\/#organization\"},\"potentialAction\":[{\"@type\":\"SearchAction\",\"target\":{\"@type\":\"EntryPoint\",\"urlTemplate\":\"https:\\\/\\\/www.ki-management.com\\\/?s={search_term_string}\"},\"query-input\":{\"@type\":\"PropertyValueSpecification\",\"valueRequired\":true,\"valueName\":\"search_term_string\"}}],\"inLanguage\":\"en-US\"},{\"@type\":\"Organization\",\"@id\":\"https:\\\/\\\/www.ki-management.com\\\/#organization\",\"name\":\"K\u00f6lner Institut f\u00fcr Managementberatung\",\"url\":\"https:\\\/\\\/www.ki-management.com\\\/\",\"logo\":{\"@type\":\"ImageObject\",\"inLanguage\":\"en-US\",\"@id\":\"https:\\\/\\\/www.ki-management.com\\\/#\\\/schema\\\/logo\\\/image\\\/\",\"url\":\"https:\\\/\\\/www.ki-management.com\\\/wp-content\\\/uploads\\\/2025\\\/05\\\/K.I.M_Logo_pos.svg\",\"contentUrl\":\"https:\\\/\\\/www.ki-management.com\\\/wp-content\\\/uploads\\\/2025\\\/05\\\/K.I.M_Logo_pos.svg\",\"width\":100,\"height\":100,\"caption\":\"K\u00f6lner Institut f\u00fcr Managementberatung\"},\"image\":{\"@id\":\"https:\\\/\\\/www.ki-management.com\\\/#\\\/schema\\\/logo\\\/image\\\/\"}},{\"@type\":\"Person\",\"@id\":\"https:\\\/\\\/www.ki-management.com\\\/#\\\/schema\\\/person\\\/01147fff2b1f7eb8c15ab402c0cb8b1d\",\"name\":\"Kim Johannsen\",\"description\":\"E-Mail: kim.johannsen@moveup.de Telefon: +49 123 456789\",\"url\":\"https:\\\/\\\/www.ki-management.com\\\/en\\\/author\\\/k-johannsen\\\/\"}]}<\/script>\n<!-- \/ Yoast SEO plugin. -->","yoast_head_json":{"title":"[:de]Unsere neue Kollegin Iris im Interview[:] - K\u00f6lner Institut f\u00fcr Managementberatung","robots":{"index":"index","follow":"follow","max-snippet":"max-snippet:-1","max-image-preview":"max-image-preview:large","max-video-preview":"max-video-preview:-1"},"canonical":"https:\/\/www.ki-management.com\/en\/2126\/unsere-neue-kollegin-iris-im-interview\/","og_locale":"en_US","og_type":"article","og_title":"[:de]Unsere neue Kollegin Iris im Interview[:] - K\u00f6lner Institut f\u00fcr Managementberatung","og_description":"[:de][:de]Unsere neue Kollegin Iris unterst\u00fctzt uns seit Juli 2023 als Senior Consultant. Nicht nur durch ihre fundierten Erfahrungen aus der Wissenschaft und Praxis, sondern auch menschlich bereichert sie unser Team. Wir freuen uns gemeinsam mit ihr neue Projekte umzusetzen. Erz\u00e4hl uns mehr \u00fcber dich &#8211; Wer bist du? Ich bin Iris Kranefeld und unterst\u00fctze das ... Weiterlesen ...","og_url":"https:\/\/www.ki-management.com\/en\/2126\/unsere-neue-kollegin-iris-im-interview\/","og_site_name":"K\u00f6lner Institut f\u00fcr Managementberatung","article_published_time":"2023-07-19T15:17:08+00:00","og_image":[{"width":2560,"height":1164,"url":"https:\/\/www.ki-management.com\/wp-content\/uploads\/2023\/05\/IMG_2253-scaled-e1689690848968.jpg","type":"image\/jpeg"}],"author":"Kim Johannsen","twitter_card":"summary_large_image","twitter_misc":{"Written by":"Kim Johannsen","Est. reading time":"1 minute"},"schema":{"@context":"https:\/\/schema.org","@graph":[{"@type":"Article","@id":"https:\/\/www.ki-management.com\/2126\/unsere-neue-kollegin-iris-im-interview\/#article","isPartOf":{"@id":"https:\/\/www.ki-management.com\/2126\/unsere-neue-kollegin-iris-im-interview\/"},"author":{"name":"Kim Johannsen","@id":"https:\/\/www.ki-management.com\/#\/schema\/person\/01147fff2b1f7eb8c15ab402c0cb8b1d"},"headline":"[:de]Unsere neue Kollegin Iris im Interview[:]","datePublished":"2023-07-19T15:17:08+00:00","mainEntityOfPage":{"@id":"https:\/\/www.ki-management.com\/2126\/unsere-neue-kollegin-iris-im-interview\/"},"wordCount":560,"commentCount":0,"publisher":{"@id":"https:\/\/www.ki-management.com\/#organization"},"image":{"@id":"https:\/\/www.ki-management.com\/2126\/unsere-neue-kollegin-iris-im-interview\/#primaryimage"},"thumbnailUrl":"https:\/\/www.ki-management.com\/wp-content\/uploads\/2023\/05\/IMG_2253-scaled-e1689690848968.jpg","articleSection":["engagiert","intelligent","intern","kooperativ","mutig","news"],"inLanguage":"en-US","potentialAction":[{"@type":"CommentAction","name":"Comment","target":["https:\/\/www.ki-management.com\/2126\/unsere-neue-kollegin-iris-im-interview\/#respond"]}]},{"@type":"WebPage","@id":"https:\/\/www.ki-management.com\/2126\/unsere-neue-kollegin-iris-im-interview\/","url":"https:\/\/www.ki-management.com\/2126\/unsere-neue-kollegin-iris-im-interview\/","name":"[:de]Unsere neue Kollegin Iris im Interview[:] - K\u00f6lner Institut f\u00fcr Managementberatung","isPartOf":{"@id":"https:\/\/www.ki-management.com\/#website"},"primaryImageOfPage":{"@id":"https:\/\/www.ki-management.com\/2126\/unsere-neue-kollegin-iris-im-interview\/#primaryimage"},"image":{"@id":"https:\/\/www.ki-management.com\/2126\/unsere-neue-kollegin-iris-im-interview\/#primaryimage"},"thumbnailUrl":"https:\/\/www.ki-management.com\/wp-content\/uploads\/2023\/05\/IMG_2253-scaled-e1689690848968.jpg","datePublished":"2023-07-19T15:17:08+00:00","breadcrumb":{"@id":"https:\/\/www.ki-management.com\/2126\/unsere-neue-kollegin-iris-im-interview\/#breadcrumb"},"inLanguage":"en-US","potentialAction":[{"@type":"ReadAction","target":["https:\/\/www.ki-management.com\/2126\/unsere-neue-kollegin-iris-im-interview\/"]}]},{"@type":"ImageObject","inLanguage":"en-US","@id":"https:\/\/www.ki-management.com\/2126\/unsere-neue-kollegin-iris-im-interview\/#primaryimage","url":"https:\/\/www.ki-management.com\/wp-content\/uploads\/2023\/05\/IMG_2253-scaled-e1689690848968.jpg","contentUrl":"https:\/\/www.ki-management.com\/wp-content\/uploads\/2023\/05\/IMG_2253-scaled-e1689690848968.jpg","width":2560,"height":1164},{"@type":"BreadcrumbList","@id":"https:\/\/www.ki-management.com\/2126\/unsere-neue-kollegin-iris-im-interview\/#breadcrumb","itemListElement":[{"@type":"ListItem","position":1,"name":"Startseite","item":"https:\/\/www.ki-management.com\/"},{"@type":"ListItem","position":2,"name":"[:de]Unsere neue Kollegin Iris im Interview[:]"}]},{"@type":"WebSite","@id":"https:\/\/www.ki-management.com\/#website","url":"https:\/\/www.ki-management.com\/","name":"Cologne Institute for Management Consulting","description":"","publisher":{"@id":"https:\/\/www.ki-management.com\/#organization"},"potentialAction":[{"@type":"SearchAction","target":{"@type":"EntryPoint","urlTemplate":"https:\/\/www.ki-management.com\/?s={search_term_string}"},"query-input":{"@type":"PropertyValueSpecification","valueRequired":true,"valueName":"search_term_string"}}],"inLanguage":"en-US"},{"@type":"Organization","@id":"https:\/\/www.ki-management.com\/#organization","name":"Cologne Institute for Management Consulting","url":"https:\/\/www.ki-management.com\/","logo":{"@type":"ImageObject","inLanguage":"en-US","@id":"https:\/\/www.ki-management.com\/#\/schema\/logo\/image\/","url":"https:\/\/www.ki-management.com\/wp-content\/uploads\/2025\/05\/K.I.M_Logo_pos.svg","contentUrl":"https:\/\/www.ki-management.com\/wp-content\/uploads\/2025\/05\/K.I.M_Logo_pos.svg","width":100,"height":100,"caption":"K\u00f6lner Institut f\u00fcr Managementberatung"},"image":{"@id":"https:\/\/www.ki-management.com\/#\/schema\/logo\/image\/"}},{"@type":"Person","@id":"https:\/\/www.ki-management.com\/#\/schema\/person\/01147fff2b1f7eb8c15ab402c0cb8b1d","name":"Kim Johannsen","description":"E-Mail: kim.johannsen@moveup.de Telefon: +49 123 456789","url":"https:\/\/www.ki-management.com\/en\/author\/k-johannsen\/"}]}},"spectra_custom_meta":{"wp_statistics_words_count":["503"],"_edit_last":["2"],"_yoast_wpseo_content_score":["90"],"_yoast_wpseo_estimated-reading-time-minutes":["1"],"_yoast_wpseo_wordproof_timestamp":[""],"_yoast_wpseo_primary_category":["1"],"_thumbnail_id":["2154"],"_yoast_wpseo_focuskw":["[:de]Kollegin [:]"],"_yoast_wpseo_linkdex":["47"],"_uag_css_file_name":["uag-css-2126.css"]},"uagb_featured_image_src":{"full":["https:\/\/www.ki-management.com\/wp-content\/uploads\/2023\/05\/IMG_2253-scaled-e1689690848968.jpg",2560,1164,false],"thumbnail":["https:\/\/www.ki-management.com\/wp-content\/uploads\/2023\/05\/IMG_2253-scaled-e1689690848968-150x150.jpg",150,150,true],"medium":["https:\/\/www.ki-management.com\/wp-content\/uploads\/2023\/05\/IMG_2253-scaled-e1689690848968-300x136.jpg",300,136,true],"medium_large":["https:\/\/www.ki-management.com\/wp-content\/uploads\/2023\/05\/IMG_2253-scaled-e1689690848968-768x349.jpg",768,349,true],"large":["https:\/\/www.ki-management.com\/wp-content\/uploads\/2023\/05\/IMG_2253-scaled-e1689690848968-1024x466.jpg",1024,466,true],"1536x1536":["https:\/\/www.ki-management.com\/wp-content\/uploads\/2023\/05\/IMG_2253-scaled-e1689690848968-1536x698.jpg",1536,698,true],"2048x2048":["https:\/\/www.ki-management.com\/wp-content\/uploads\/2023\/05\/IMG_2253-scaled-e1689690848968-2048x931.jpg",2048,931,true],"trp-custom-language-flag":["https:\/\/www.ki-management.com\/wp-content\/uploads\/2023\/05\/IMG_2253-scaled-e1689690848968.jpg",18,8,false],"3-2-Thumb":["https:\/\/www.ki-management.com\/wp-content\/uploads\/2023\/05\/IMG_2253-scaled-e1689690848968-640x480.jpg",640,480,true],"SquareThumb":["https:\/\/www.ki-management.com\/wp-content\/uploads\/2023\/05\/IMG_2253-scaled-e1689690848968-960x960.jpg",960,960,true],"16-9-Thumb":["https:\/\/www.ki-management.com\/wp-content\/uploads\/2023\/05\/IMG_2253-scaled-e1689690848968-960x540.jpg",960,540,true],"SquareBig":["https:\/\/www.ki-management.com\/wp-content\/uploads\/2023\/05\/IMG_2253-scaled-e1689690848968-1920x1164.jpg",1920,1164,true],"16-9-Big":["https:\/\/www.ki-management.com\/wp-content\/uploads\/2023\/05\/IMG_2253-scaled-e1689690848968-1980x1080.jpg",1980,1080,true]},"uagb_author_info":{"display_name":"Kim Johannsen","author_link":"https:\/\/www.ki-management.com\/en\/author\/k-johannsen\/"},"uagb_comment_info":0,"uagb_excerpt":"[:de][:de]Unsere neue Kollegin Iris unterst\u00fctzt uns seit Juli 2023 als Senior Consultant. Nicht nur durch ihre fundierten Erfahrungen aus der Wissenschaft und Praxis, sondern auch menschlich bereichert sie unser Team. Wir freuen uns gemeinsam mit ihr neue Projekte umzusetzen. Erz\u00e4hl uns mehr \u00fcber dich &#8211; Wer bist du? Ich bin Iris Kranefeld und unterst\u00fctze das&hellip;","_links":{"self":[{"href":"https:\/\/www.ki-management.com\/en\/wp-json\/wp\/v2\/posts\/2126","targetHints":{"allow":["GET"]}}],"collection":[{"href":"https:\/\/www.ki-management.com\/en\/wp-json\/wp\/v2\/posts"}],"about":[{"href":"https:\/\/www.ki-management.com\/en\/wp-json\/wp\/v2\/types\/post"}],"author":[{"embeddable":true,"href":"https:\/\/www.ki-management.com\/en\/wp-json\/wp\/v2\/users\/2"}],"replies":[{"embeddable":true,"href":"https:\/\/www.ki-management.com\/en\/wp-json\/wp\/v2\/comments?post=2126"}],"version-history":[{"count":0,"href":"https:\/\/www.ki-management.com\/en\/wp-json\/wp\/v2\/posts\/2126\/revisions"}],"wp:featuredmedia":[{"embeddable":true,"href":"https:\/\/www.ki-management.com\/en\/wp-json\/wp\/v2\/media\/2154"}],"wp:attachment":[{"href":"https:\/\/www.ki-management.com\/en\/wp-json\/wp\/v2\/media?parent=2126"}],"wp:term":[{"taxonomy":"category","embeddable":true,"href":"https:\/\/www.ki-management.com\/en\/wp-json\/wp\/v2\/categories?post=2126"},{"taxonomy":"post_tag","embeddable":true,"href":"https:\/\/www.ki-management.com\/en\/wp-json\/wp\/v2\/tags?post=2126"}],"curies":[{"name":"wp","href":"https:\/\/api.w.org\/{rel}","templated":true}]}}