{"id":2173,"date":"2023-07-21T17:20:49","date_gmt":"2023-07-21T15:20:49","guid":{"rendered":"https:\/\/blog.ki-m.eu\/?p=2173"},"modified":"2023-07-21T17:20:49","modified_gmt":"2023-07-21T15:20:49","slug":"inspirierender-austausch-ueber-den-daechern-koelns-unser-neue-eventreihe-der-rooftop-talks-startet-am-06-09-2023","status":"publish","type":"post","link":"https:\/\/www.ki-management.com\/en\/2173\/inspirierender-austausch-ueber-den-daechern-koelns-unser-neue-eventreihe-der-rooftop-talks-startet-am-06-09-2023\/","title":{"rendered":"Inspiring exchange above the rooftops of Cologne \u2013 our new Rooftop Talks event series starts on September 6, 2023"},"content":{"rendered":"<p>Immerse yourself in an inspiring HR world full of new inspiration, ideas, and a lively exchange on the current challenges of human resource management. From artificial intelligence to transformation to everything this fast-paced world brings with it: In addition to exciting insights from invited experts, we offer you the opportunity to exchange ideas in a relaxed atmosphere every first Wednesday of the month.<\/p>\n<p>Together, we discuss challenges, solutions, and new innovations. The diverse perspectives of participants from different industries also allow us to think outside the box.<\/p>\n<p>Everyone who is interested in engaging in a lively exchange of ideas, in the spirit of innovative and solution-oriented thinking, is cordially invited. With a view of the cathedral, culinary accompaniment, and cool drinks, we&#039;ll provide a setting where everyone can meet.<\/p>\n<p>Our first free launch event will take place on September 6, 2023.<\/p>\n<p>Be there and register <a href=\"https:\/\/www.ki-management.com\/en\/rooftop-talk\/\">here<\/a> or contact your contact person at KI.M.<\/p>\n<p>We look forward to seeing you!<\/p>","protected":false},"excerpt":{"rendered":"<p>Immerse yourself in an inspiring HR world full of new inspiration, ideas, and a lively exchange on the current challenges of human resource management. From artificial intelligence to transformation to everything this fast-paced world brings with it: In addition to exciting insights from invited experts, every first Wednesday of the month, we offer you the opportunity to... <a title=\"Inspiring exchange above the rooftops of Cologne \u2013 our new Rooftop Talks event series starts on September 6, 2023\" class=\"read-more\" href=\"https:\/\/www.ki-management.com\/en\/2173\/inspirierender-austausch-ueber-den-daechern-koelns-unser-neue-eventreihe-der-rooftop-talks-startet-am-06-09-2023\/\" aria-label=\"Read more about Inspiring exchange above the rooftops of Cologne \u2013 our new Rooftop Talks event series starts on September 6, 2023\">Read more\u2026<\/a><\/p>","protected":false},"author":2,"featured_media":2174,"comment_status":"open","ping_status":"closed","sticky":false,"template":"","format":"standard","meta":{"inline_featured_image":false,"_uag_custom_page_level_css":"","footnotes":""},"categories":[5,6,10,11],"tags":[],"class_list":["post-2173","post","type-post","status-publish","format-standard","has-post-thumbnail","hentry","category-engagiert","category-intelligent","category-mutig","category-news","generate-columns","tablet-grid-50","mobile-grid-100","grid-parent","grid-50"],"yoast_head":"<!-- This site is optimized with the Yoast SEO plugin v27.5 - https:\/\/yoast.com\/product\/yoast-seo-wordpress\/ -->\n<title>Inspirierender Austausch \u00fcber den D\u00e4chern K\u00f6lns \u2013 unser neue Eventreihe der Rooftop-Talks startet am 06.09.2023 - K\u00f6lner Institut f\u00fcr Managementberatung<\/title>\n<meta name=\"robots\" content=\"index, follow, max-snippet:-1, max-image-preview:large, max-video-preview:-1\" \/>\n<link rel=\"canonical\" href=\"https:\/\/www.ki-management.com\/en\/2173\/inspirierender-austausch-ueber-den-daechern-koelns-unser-neue-eventreihe-der-rooftop-talks-startet-am-06-09-2023\/\" \/>\n<meta property=\"og:locale\" content=\"en_US\" \/>\n<meta property=\"og:type\" content=\"article\" \/>\n<meta property=\"og:title\" content=\"Inspirierender Austausch \u00fcber den D\u00e4chern K\u00f6lns \u2013 unser neue Eventreihe der Rooftop-Talks startet am 06.09.2023 - K\u00f6lner Institut f\u00fcr Managementberatung\" \/>\n<meta property=\"og:description\" content=\"Tauchen Sie ein in eine inspirierende HR-Welt voller neuer Impulse, Ideen und einem lebendigen Austausch zu den aktuellen Herausforderungen des Personalmanagements. Von k\u00fcnstlicher Intelligenz \u00fcber Transformation bis hin zu allem, was diese schnelllebige Zeit mit sich bringt: Neben spannenden Impulsen von eingeladenen Expertinnen und Experten bieten wir Ihnen jeden ersten Mittwoch im Monat die M\u00f6glichkeit, ... Weiterlesen ...\" \/>\n<meta property=\"og:url\" content=\"https:\/\/www.ki-management.com\/en\/2173\/inspirierender-austausch-ueber-den-daechern-koelns-unser-neue-eventreihe-der-rooftop-talks-startet-am-06-09-2023\/\" \/>\n<meta property=\"og:site_name\" content=\"K\u00f6lner Institut f\u00fcr Managementberatung\" \/>\n<meta property=\"article:published_time\" content=\"2023-07-21T15:20:49+00:00\" \/>\n<meta property=\"og:image\" content=\"https:\/\/www.ki-management.com\/wp-content\/uploads\/2023\/08\/Blogbeitragsgroesse2.png\" \/>\n\t<meta property=\"og:image:width\" content=\"2400\" \/>\n\t<meta property=\"og:image:height\" content=\"1162\" \/>\n\t<meta property=\"og:image:type\" content=\"image\/png\" \/>\n<meta name=\"author\" content=\"Kim Johannsen\" \/>\n<meta name=\"twitter:card\" content=\"summary_large_image\" \/>\n<meta name=\"twitter:label1\" content=\"Written by\" \/>\n\t<meta name=\"twitter:data1\" content=\"Kim Johannsen\" \/>\n\t<meta name=\"twitter:label2\" content=\"Est. reading time\" \/>\n\t<meta name=\"twitter:data2\" content=\"1 minute\" \/>\n<script type=\"application\/ld+json\" class=\"yoast-schema-graph\">{\"@context\":\"https:\\\/\\\/schema.org\",\"@graph\":[{\"@type\":\"Article\",\"@id\":\"https:\\\/\\\/www.ki-management.com\\\/2173\\\/inspirierender-austausch-ueber-den-daechern-koelns-unser-neue-eventreihe-der-rooftop-talks-startet-am-06-09-2023\\\/#article\",\"isPartOf\":{\"@id\":\"https:\\\/\\\/www.ki-management.com\\\/2173\\\/inspirierender-austausch-ueber-den-daechern-koelns-unser-neue-eventreihe-der-rooftop-talks-startet-am-06-09-2023\\\/\"},\"author\":{\"name\":\"Kim Johannsen\",\"@id\":\"https:\\\/\\\/www.ki-management.com\\\/#\\\/schema\\\/person\\\/01147fff2b1f7eb8c15ab402c0cb8b1d\"},\"headline\":\"Inspirierender Austausch \u00fcber den D\u00e4chern K\u00f6lns \u2013 unser neue Eventreihe der Rooftop-Talks startet am 06.09.2023\",\"datePublished\":\"2023-07-21T15:20:49+00:00\",\"mainEntityOfPage\":{\"@id\":\"https:\\\/\\\/www.ki-management.com\\\/2173\\\/inspirierender-austausch-ueber-den-daechern-koelns-unser-neue-eventreihe-der-rooftop-talks-startet-am-06-09-2023\\\/\"},\"wordCount\":173,\"commentCount\":0,\"publisher\":{\"@id\":\"https:\\\/\\\/www.ki-management.com\\\/#organization\"},\"image\":{\"@id\":\"https:\\\/\\\/www.ki-management.com\\\/2173\\\/inspirierender-austausch-ueber-den-daechern-koelns-unser-neue-eventreihe-der-rooftop-talks-startet-am-06-09-2023\\\/#primaryimage\"},\"thumbnailUrl\":\"https:\\\/\\\/www.ki-management.com\\\/wp-content\\\/uploads\\\/2023\\\/08\\\/Blogbeitragsgroesse2.png\",\"articleSection\":[\"engagiert\",\"intelligent\",\"mutig\",\"news\"],\"inLanguage\":\"en-US\",\"potentialAction\":[{\"@type\":\"CommentAction\",\"name\":\"Comment\",\"target\":[\"https:\\\/\\\/www.ki-management.com\\\/2173\\\/inspirierender-austausch-ueber-den-daechern-koelns-unser-neue-eventreihe-der-rooftop-talks-startet-am-06-09-2023\\\/#respond\"]}]},{\"@type\":\"WebPage\",\"@id\":\"https:\\\/\\\/www.ki-management.com\\\/2173\\\/inspirierender-austausch-ueber-den-daechern-koelns-unser-neue-eventreihe-der-rooftop-talks-startet-am-06-09-2023\\\/\",\"url\":\"https:\\\/\\\/www.ki-management.com\\\/2173\\\/inspirierender-austausch-ueber-den-daechern-koelns-unser-neue-eventreihe-der-rooftop-talks-startet-am-06-09-2023\\\/\",\"name\":\"Inspirierender Austausch \u00fcber den D\u00e4chern K\u00f6lns \u2013 unser neue Eventreihe der Rooftop-Talks startet am 06.09.2023 - K\u00f6lner Institut f\u00fcr Managementberatung\",\"isPartOf\":{\"@id\":\"https:\\\/\\\/www.ki-management.com\\\/#website\"},\"primaryImageOfPage\":{\"@id\":\"https:\\\/\\\/www.ki-management.com\\\/2173\\\/inspirierender-austausch-ueber-den-daechern-koelns-unser-neue-eventreihe-der-rooftop-talks-startet-am-06-09-2023\\\/#primaryimage\"},\"image\":{\"@id\":\"https:\\\/\\\/www.ki-management.com\\\/2173\\\/inspirierender-austausch-ueber-den-daechern-koelns-unser-neue-eventreihe-der-rooftop-talks-startet-am-06-09-2023\\\/#primaryimage\"},\"thumbnailUrl\":\"https:\\\/\\\/www.ki-management.com\\\/wp-content\\\/uploads\\\/2023\\\/08\\\/Blogbeitragsgroesse2.png\",\"datePublished\":\"2023-07-21T15:20:49+00:00\",\"breadcrumb\":{\"@id\":\"https:\\\/\\\/www.ki-management.com\\\/2173\\\/inspirierender-austausch-ueber-den-daechern-koelns-unser-neue-eventreihe-der-rooftop-talks-startet-am-06-09-2023\\\/#breadcrumb\"},\"inLanguage\":\"en-US\",\"potentialAction\":[{\"@type\":\"ReadAction\",\"target\":[\"https:\\\/\\\/www.ki-management.com\\\/2173\\\/inspirierender-austausch-ueber-den-daechern-koelns-unser-neue-eventreihe-der-rooftop-talks-startet-am-06-09-2023\\\/\"]}]},{\"@type\":\"ImageObject\",\"inLanguage\":\"en-US\",\"@id\":\"https:\\\/\\\/www.ki-management.com\\\/2173\\\/inspirierender-austausch-ueber-den-daechern-koelns-unser-neue-eventreihe-der-rooftop-talks-startet-am-06-09-2023\\\/#primaryimage\",\"url\":\"https:\\\/\\\/www.ki-management.com\\\/wp-content\\\/uploads\\\/2023\\\/08\\\/Blogbeitragsgroesse2.png\",\"contentUrl\":\"https:\\\/\\\/www.ki-management.com\\\/wp-content\\\/uploads\\\/2023\\\/08\\\/Blogbeitragsgroesse2.png\",\"width\":2400,\"height\":1162},{\"@type\":\"BreadcrumbList\",\"@id\":\"https:\\\/\\\/www.ki-management.com\\\/2173\\\/inspirierender-austausch-ueber-den-daechern-koelns-unser-neue-eventreihe-der-rooftop-talks-startet-am-06-09-2023\\\/#breadcrumb\",\"itemListElement\":[{\"@type\":\"ListItem\",\"position\":1,\"name\":\"Startseite\",\"item\":\"https:\\\/\\\/www.ki-management.com\\\/\"},{\"@type\":\"ListItem\",\"position\":2,\"name\":\"Inspirierender Austausch \u00fcber den D\u00e4chern K\u00f6lns \u2013 unser neue Eventreihe der Rooftop-Talks startet am 06.09.2023\"}]},{\"@type\":\"WebSite\",\"@id\":\"https:\\\/\\\/www.ki-management.com\\\/#website\",\"url\":\"https:\\\/\\\/www.ki-management.com\\\/\",\"name\":\"K\u00f6lner Institut f\u00fcr Managementberatung\",\"description\":\"\",\"publisher\":{\"@id\":\"https:\\\/\\\/www.ki-management.com\\\/#organization\"},\"potentialAction\":[{\"@type\":\"SearchAction\",\"target\":{\"@type\":\"EntryPoint\",\"urlTemplate\":\"https:\\\/\\\/www.ki-management.com\\\/?s={search_term_string}\"},\"query-input\":{\"@type\":\"PropertyValueSpecification\",\"valueRequired\":true,\"valueName\":\"search_term_string\"}}],\"inLanguage\":\"en-US\"},{\"@type\":\"Organization\",\"@id\":\"https:\\\/\\\/www.ki-management.com\\\/#organization\",\"name\":\"K\u00f6lner Institut f\u00fcr Managementberatung\",\"url\":\"https:\\\/\\\/www.ki-management.com\\\/\",\"logo\":{\"@type\":\"ImageObject\",\"inLanguage\":\"en-US\",\"@id\":\"https:\\\/\\\/www.ki-management.com\\\/#\\\/schema\\\/logo\\\/image\\\/\",\"url\":\"https:\\\/\\\/www.ki-management.com\\\/wp-content\\\/uploads\\\/2025\\\/05\\\/K.I.M_Logo_pos.svg\",\"contentUrl\":\"https:\\\/\\\/www.ki-management.com\\\/wp-content\\\/uploads\\\/2025\\\/05\\\/K.I.M_Logo_pos.svg\",\"width\":100,\"height\":100,\"caption\":\"K\u00f6lner Institut f\u00fcr Managementberatung\"},\"image\":{\"@id\":\"https:\\\/\\\/www.ki-management.com\\\/#\\\/schema\\\/logo\\\/image\\\/\"}},{\"@type\":\"Person\",\"@id\":\"https:\\\/\\\/www.ki-management.com\\\/#\\\/schema\\\/person\\\/01147fff2b1f7eb8c15ab402c0cb8b1d\",\"name\":\"Kim Johannsen\",\"description\":\"E-Mail: kim.johannsen@moveup.de Telefon: +49 123 456789\",\"url\":\"https:\\\/\\\/www.ki-management.com\\\/en\\\/author\\\/k-johannsen\\\/\"}]}<\/script>\n<!-- \/ Yoast SEO plugin. -->","yoast_head_json":{"title":"Inspirierender Austausch \u00fcber den D\u00e4chern K\u00f6lns \u2013 unser neue Eventreihe der Rooftop-Talks startet am 06.09.2023 - K\u00f6lner Institut f\u00fcr Managementberatung","robots":{"index":"index","follow":"follow","max-snippet":"max-snippet:-1","max-image-preview":"max-image-preview:large","max-video-preview":"max-video-preview:-1"},"canonical":"https:\/\/www.ki-management.com\/en\/2173\/inspirierender-austausch-ueber-den-daechern-koelns-unser-neue-eventreihe-der-rooftop-talks-startet-am-06-09-2023\/","og_locale":"en_US","og_type":"article","og_title":"Inspirierender Austausch \u00fcber den D\u00e4chern K\u00f6lns \u2013 unser neue Eventreihe der Rooftop-Talks startet am 06.09.2023 - K\u00f6lner Institut f\u00fcr Managementberatung","og_description":"Tauchen Sie ein in eine inspirierende HR-Welt voller neuer Impulse, Ideen und einem lebendigen Austausch zu den aktuellen Herausforderungen des Personalmanagements. Von k\u00fcnstlicher Intelligenz \u00fcber Transformation bis hin zu allem, was diese schnelllebige Zeit mit sich bringt: Neben spannenden Impulsen von eingeladenen Expertinnen und Experten bieten wir Ihnen jeden ersten Mittwoch im Monat die M\u00f6glichkeit, ... Weiterlesen ...","og_url":"https:\/\/www.ki-management.com\/en\/2173\/inspirierender-austausch-ueber-den-daechern-koelns-unser-neue-eventreihe-der-rooftop-talks-startet-am-06-09-2023\/","og_site_name":"K\u00f6lner Institut f\u00fcr Managementberatung","article_published_time":"2023-07-21T15:20:49+00:00","og_image":[{"width":2400,"height":1162,"url":"https:\/\/www.ki-management.com\/wp-content\/uploads\/2023\/08\/Blogbeitragsgroesse2.png","type":"image\/png"}],"author":"Kim Johannsen","twitter_card":"summary_large_image","twitter_misc":{"Written by":"Kim Johannsen","Est. reading time":"1 minute"},"schema":{"@context":"https:\/\/schema.org","@graph":[{"@type":"Article","@id":"https:\/\/www.ki-management.com\/2173\/inspirierender-austausch-ueber-den-daechern-koelns-unser-neue-eventreihe-der-rooftop-talks-startet-am-06-09-2023\/#article","isPartOf":{"@id":"https:\/\/www.ki-management.com\/2173\/inspirierender-austausch-ueber-den-daechern-koelns-unser-neue-eventreihe-der-rooftop-talks-startet-am-06-09-2023\/"},"author":{"name":"Kim Johannsen","@id":"https:\/\/www.ki-management.com\/#\/schema\/person\/01147fff2b1f7eb8c15ab402c0cb8b1d"},"headline":"Inspirierender Austausch \u00fcber den D\u00e4chern K\u00f6lns \u2013 unser neue Eventreihe der Rooftop-Talks startet am 06.09.2023","datePublished":"2023-07-21T15:20:49+00:00","mainEntityOfPage":{"@id":"https:\/\/www.ki-management.com\/2173\/inspirierender-austausch-ueber-den-daechern-koelns-unser-neue-eventreihe-der-rooftop-talks-startet-am-06-09-2023\/"},"wordCount":173,"commentCount":0,"publisher":{"@id":"https:\/\/www.ki-management.com\/#organization"},"image":{"@id":"https:\/\/www.ki-management.com\/2173\/inspirierender-austausch-ueber-den-daechern-koelns-unser-neue-eventreihe-der-rooftop-talks-startet-am-06-09-2023\/#primaryimage"},"thumbnailUrl":"https:\/\/www.ki-management.com\/wp-content\/uploads\/2023\/08\/Blogbeitragsgroesse2.png","articleSection":["engagiert","intelligent","mutig","news"],"inLanguage":"en-US","potentialAction":[{"@type":"CommentAction","name":"Comment","target":["https:\/\/www.ki-management.com\/2173\/inspirierender-austausch-ueber-den-daechern-koelns-unser-neue-eventreihe-der-rooftop-talks-startet-am-06-09-2023\/#respond"]}]},{"@type":"WebPage","@id":"https:\/\/www.ki-management.com\/2173\/inspirierender-austausch-ueber-den-daechern-koelns-unser-neue-eventreihe-der-rooftop-talks-startet-am-06-09-2023\/","url":"https:\/\/www.ki-management.com\/2173\/inspirierender-austausch-ueber-den-daechern-koelns-unser-neue-eventreihe-der-rooftop-talks-startet-am-06-09-2023\/","name":"Inspirierender Austausch \u00fcber den D\u00e4chern K\u00f6lns \u2013 unser neue Eventreihe der Rooftop-Talks startet am 06.09.2023 - K\u00f6lner Institut f\u00fcr Managementberatung","isPartOf":{"@id":"https:\/\/www.ki-management.com\/#website"},"primaryImageOfPage":{"@id":"https:\/\/www.ki-management.com\/2173\/inspirierender-austausch-ueber-den-daechern-koelns-unser-neue-eventreihe-der-rooftop-talks-startet-am-06-09-2023\/#primaryimage"},"image":{"@id":"https:\/\/www.ki-management.com\/2173\/inspirierender-austausch-ueber-den-daechern-koelns-unser-neue-eventreihe-der-rooftop-talks-startet-am-06-09-2023\/#primaryimage"},"thumbnailUrl":"https:\/\/www.ki-management.com\/wp-content\/uploads\/2023\/08\/Blogbeitragsgroesse2.png","datePublished":"2023-07-21T15:20:49+00:00","breadcrumb":{"@id":"https:\/\/www.ki-management.com\/2173\/inspirierender-austausch-ueber-den-daechern-koelns-unser-neue-eventreihe-der-rooftop-talks-startet-am-06-09-2023\/#breadcrumb"},"inLanguage":"en-US","potentialAction":[{"@type":"ReadAction","target":["https:\/\/www.ki-management.com\/2173\/inspirierender-austausch-ueber-den-daechern-koelns-unser-neue-eventreihe-der-rooftop-talks-startet-am-06-09-2023\/"]}]},{"@type":"ImageObject","inLanguage":"en-US","@id":"https:\/\/www.ki-management.com\/2173\/inspirierender-austausch-ueber-den-daechern-koelns-unser-neue-eventreihe-der-rooftop-talks-startet-am-06-09-2023\/#primaryimage","url":"https:\/\/www.ki-management.com\/wp-content\/uploads\/2023\/08\/Blogbeitragsgroesse2.png","contentUrl":"https:\/\/www.ki-management.com\/wp-content\/uploads\/2023\/08\/Blogbeitragsgroesse2.png","width":2400,"height":1162},{"@type":"BreadcrumbList","@id":"https:\/\/www.ki-management.com\/2173\/inspirierender-austausch-ueber-den-daechern-koelns-unser-neue-eventreihe-der-rooftop-talks-startet-am-06-09-2023\/#breadcrumb","itemListElement":[{"@type":"ListItem","position":1,"name":"Startseite","item":"https:\/\/www.ki-management.com\/"},{"@type":"ListItem","position":2,"name":"Inspirierender Austausch \u00fcber den D\u00e4chern K\u00f6lns \u2013 unser neue Eventreihe der Rooftop-Talks startet am 06.09.2023"}]},{"@type":"WebSite","@id":"https:\/\/www.ki-management.com\/#website","url":"https:\/\/www.ki-management.com\/","name":"Cologne Institute for Management Consulting","description":"","publisher":{"@id":"https:\/\/www.ki-management.com\/#organization"},"potentialAction":[{"@type":"SearchAction","target":{"@type":"EntryPoint","urlTemplate":"https:\/\/www.ki-management.com\/?s={search_term_string}"},"query-input":{"@type":"PropertyValueSpecification","valueRequired":true,"valueName":"search_term_string"}}],"inLanguage":"en-US"},{"@type":"Organization","@id":"https:\/\/www.ki-management.com\/#organization","name":"Cologne Institute for Management Consulting","url":"https:\/\/www.ki-management.com\/","logo":{"@type":"ImageObject","inLanguage":"en-US","@id":"https:\/\/www.ki-management.com\/#\/schema\/logo\/image\/","url":"https:\/\/www.ki-management.com\/wp-content\/uploads\/2025\/05\/K.I.M_Logo_pos.svg","contentUrl":"https:\/\/www.ki-management.com\/wp-content\/uploads\/2025\/05\/K.I.M_Logo_pos.svg","width":100,"height":100,"caption":"K\u00f6lner Institut f\u00fcr Managementberatung"},"image":{"@id":"https:\/\/www.ki-management.com\/#\/schema\/logo\/image\/"}},{"@type":"Person","@id":"https:\/\/www.ki-management.com\/#\/schema\/person\/01147fff2b1f7eb8c15ab402c0cb8b1d","name":"Kim Johannsen","description":"E-Mail: kim.johannsen@moveup.de Telefon: +49 123 456789","url":"https:\/\/www.ki-management.com\/en\/author\/k-johannsen\/"}]}},"spectra_custom_meta":{"wp_statistics_words_count":["141"],"_edit_last":["2"],"_thumbnail_id":["2174"],"_yoast_wpseo_focuskw":["[:de]Austausch[:]"],"_yoast_wpseo_linkdex":["38"],"_yoast_wpseo_content_score":["90"],"_yoast_wpseo_estimated-reading-time-minutes":["1"],"_yoast_wpseo_wordproof_timestamp":[""],"_yoast_wpseo_primary_category":["30"],"_wp_old_date":["2023-08-18"],"_uag_css_file_name":["uag-css-2173.css"]},"uagb_featured_image_src":{"full":["https:\/\/www.ki-management.com\/wp-content\/uploads\/2023\/08\/Blogbeitragsgroesse2.png",2400,1162,false],"thumbnail":["https:\/\/www.ki-management.com\/wp-content\/uploads\/2023\/08\/Blogbeitragsgroesse2-150x150.png",150,150,true],"medium":["https:\/\/www.ki-management.com\/wp-content\/uploads\/2023\/08\/Blogbeitragsgroesse2-300x145.png",300,145,true],"medium_large":["https:\/\/www.ki-management.com\/wp-content\/uploads\/2023\/08\/Blogbeitragsgroesse2-768x372.png",768,372,true],"large":["https:\/\/www.ki-management.com\/wp-content\/uploads\/2023\/08\/Blogbeitragsgroesse2-1024x496.png",1024,496,true],"1536x1536":["https:\/\/www.ki-management.com\/wp-content\/uploads\/2023\/08\/Blogbeitragsgroesse2-1536x744.png",1536,744,true],"2048x2048":["https:\/\/www.ki-management.com\/wp-content\/uploads\/2023\/08\/Blogbeitragsgroesse2-2048x992.png",2048,992,true],"trp-custom-language-flag":["https:\/\/www.ki-management.com\/wp-content\/uploads\/2023\/08\/Blogbeitragsgroesse2.png",18,9,false],"3-2-Thumb":["https:\/\/www.ki-management.com\/wp-content\/uploads\/2023\/08\/Blogbeitragsgroesse2-640x480.png",640,480,true],"SquareThumb":["https:\/\/www.ki-management.com\/wp-content\/uploads\/2023\/08\/Blogbeitragsgroesse2-960x960.png",960,960,true],"16-9-Thumb":["https:\/\/www.ki-management.com\/wp-content\/uploads\/2023\/08\/Blogbeitragsgroesse2-960x540.png",960,540,true],"SquareBig":["https:\/\/www.ki-management.com\/wp-content\/uploads\/2023\/08\/Blogbeitragsgroesse2-1920x1162.png",1920,1162,true],"16-9-Big":["https:\/\/www.ki-management.com\/wp-content\/uploads\/2023\/08\/Blogbeitragsgroesse2-1980x1080.png",1980,1080,true]},"uagb_author_info":{"display_name":"Kim Johannsen","author_link":"https:\/\/www.ki-management.com\/en\/author\/k-johannsen\/"},"uagb_comment_info":0,"uagb_excerpt":"Tauchen Sie ein in eine inspirierende HR-Welt voller neuer Impulse, Ideen und einem lebendigen Austausch zu den aktuellen Herausforderungen des Personalmanagements. Von k\u00fcnstlicher Intelligenz \u00fcber Transformation bis hin zu allem, was diese schnelllebige Zeit mit sich bringt: Neben spannenden Impulsen von eingeladenen Expertinnen und Experten bieten wir Ihnen jeden ersten Mittwoch im Monat die M\u00f6glichkeit,&hellip;","_links":{"self":[{"href":"https:\/\/www.ki-management.com\/en\/wp-json\/wp\/v2\/posts\/2173","targetHints":{"allow":["GET"]}}],"collection":[{"href":"https:\/\/www.ki-management.com\/en\/wp-json\/wp\/v2\/posts"}],"about":[{"href":"https:\/\/www.ki-management.com\/en\/wp-json\/wp\/v2\/types\/post"}],"author":[{"embeddable":true,"href":"https:\/\/www.ki-management.com\/en\/wp-json\/wp\/v2\/users\/2"}],"replies":[{"embeddable":true,"href":"https:\/\/www.ki-management.com\/en\/wp-json\/wp\/v2\/comments?post=2173"}],"version-history":[{"count":0,"href":"https:\/\/www.ki-management.com\/en\/wp-json\/wp\/v2\/posts\/2173\/revisions"}],"wp:featuredmedia":[{"embeddable":true,"href":"https:\/\/www.ki-management.com\/en\/wp-json\/wp\/v2\/media\/2174"}],"wp:attachment":[{"href":"https:\/\/www.ki-management.com\/en\/wp-json\/wp\/v2\/media?parent=2173"}],"wp:term":[{"taxonomy":"category","embeddable":true,"href":"https:\/\/www.ki-management.com\/en\/wp-json\/wp\/v2\/categories?post=2173"},{"taxonomy":"post_tag","embeddable":true,"href":"https:\/\/www.ki-management.com\/en\/wp-json\/wp\/v2\/tags?post=2173"}],"curies":[{"name":"wp","href":"https:\/\/api.w.org\/{rel}","templated":true}]}}