{"id":2190,"date":"2023-08-24T13:43:45","date_gmt":"2023-08-24T11:43:45","guid":{"rendered":"https:\/\/blog.ki-management.com\/?p=2190"},"modified":"2023-08-24T13:43:45","modified_gmt":"2023-08-24T11:43:45","slug":"ueber-den-daechern-koelns-rueckblick-auf-das-ki-m-sommerfest-2023","status":"publish","type":"post","link":"https:\/\/www.ki-management.com\/en\/2190\/ueber-den-daechern-koelns-rueckblick-auf-das-ki-m-sommerfest-2023\/","title":{"rendered":"Above the rooftops of Cologne: Review of the KI.M Summer Festival 2023"},"content":{"rendered":"<p>Die Dachterrasse des KI.M, mit ihrem traumhaften Blick \u00fcber die D\u00e4cher K\u00f6lns, verwandelte sich am vergangenen Freitag in einen Ort der Erinnerungen und des Wiedersehens: Unser traditionelles Sommerfest stellte sich auch in diesem Jahr als voller Erfolg heraus. Rund 70 Mitarbeitende, Alumni sowie Projektpartnerinnen und Projektpartner fanden den Weg in unser K\u00f6lner Office, um gemeinsam den Abend zu verbringen.<\/p>\n<p>Nach einem herzlichen Empfang und Willkommenswort der Gesch\u00e4ftsf\u00fchrung bot ein Sektempfang im Forum des KI.M den idealen Auftakt f\u00fcr lockere Gespr\u00e4che und wertvolle Begegnungen. Sowohl altvertraute als auch neue Gesichter der KI.M-Gemeinschaft fanden zusammen und sorgten f\u00fcr einen Ort lebendiger Gespr\u00e4che anregten, aber auch fachliche Impulse und aktuelle News nicht au\u00dfer Acht lie\u00dfen.<\/p>\n<p>Das Grillbuffet lockte die G\u00e4ste im Anschluss auf die Dachterrasse, wo der Blick auf den imposanten K\u00f6lner Dom und der malerische Sonnenuntergang im Hintergrund f\u00fcr eine einzigartige Atmosph\u00e4re sorgten. Die Freude allerseits \u00fcber das Wiedersehen und Zusammenkommen war f\u00f6rmlich sp\u00fcrbar: Unter dem funkelnden Sternenhimmel wurde sich zur Livemusik von <a href=\"https:\/\/vimeo.com\/805968421\/b5e0bdc962\">Maverick<\/a> &amp; <a href=\"https:\/\/vimeo.com\/798683212\" rel=\"lightbox-video-0\" data-type=\"vimeo\">Antonia<\/a> bewegt, w\u00e4hrend die Cocktailbar f\u00fcr ein weiteres kulinarisches Highlight sorgte.<\/p>\n<p>Das KI.M Sommerfest 2023 war nicht nur eine Feier, sondern eine Gelegenheit, unsere Wertsch\u00e4tzung f\u00fcr die engagierte Zusammenarbeit und tatkr\u00e4ftige Unterst\u00fctzung auszudr\u00fccken, die das KI.M zu dem Erfolg gemacht haben, den wir heute feiern d\u00fcrfen.<\/p>\n<p>An dieser Stelle m\u00f6chten wir uns herzlich bei allen G\u00e4sten sowie Organisatorinnen f\u00fcr den unvergesslichen Abend bedanken und freuen uns auf alle zuk\u00fcnftigen Momente der Gemeinschaft und des Austauschs.<\/p>\n<p>Impressionen des Abends findet ihr hier:<\/p>\n<p>[Best_Wordpress_Gallery id=&#8220;57&#8243; gal_title=&#8220;Jahresr\u00fcckblick 2023&#8243;]<\/p>\n","protected":false},"excerpt":{"rendered":"<p>Last Friday, the rooftop terrace of KI.M, with its stunning view over the rooftops of Cologne, transformed into a place of memories and reunions: Our traditional summer party proved to be a resounding success again this year. Around 70 employees, alumni, and project partners gathered at our Cologne office to celebrate together... <a title=\"Above the rooftops of Cologne: Review of the KI.M Summer Festival 2023\" class=\"read-more\" href=\"https:\/\/www.ki-management.com\/en\/2190\/ueber-den-daechern-koelns-rueckblick-auf-das-ki-m-sommerfest-2023\/\" aria-label=\"Read more about Above the rooftops of Cologne: Review of the KI.M Summer Festival 2023\">Read more\u2026<\/a><\/p>","protected":false},"author":2,"featured_media":2191,"comment_status":"open","ping_status":"closed","sticky":false,"template":"","format":"standard","meta":{"inline_featured_image":false,"_uag_custom_page_level_css":"","footnotes":""},"categories":[11],"tags":[36,67,71,72,81,106],"class_list":["post-2190","post","type-post","status-publish","format-standard","has-post-thumbnail","hentry","category-news","tag-dachterrasse","tag-ki-m","tag-koeln","tag-koelner-institut-fuer-managementberatung","tag-managementberatung","tag-sommerfest","generate-columns","tablet-grid-50","mobile-grid-100","grid-parent","grid-50"],"yoast_head":"<!-- This site is optimized with the Yoast SEO plugin v27.5 - https:\/\/yoast.com\/product\/yoast-seo-wordpress\/ -->\n<title>\u00dcber den D\u00e4chern K\u00f6lns: R\u00fcckblick auf das KI.M Sommerfest 2023 - K\u00f6lner Institut f\u00fcr Managementberatung<\/title>\n<meta name=\"robots\" content=\"index, follow, max-snippet:-1, max-image-preview:large, max-video-preview:-1\" \/>\n<link rel=\"canonical\" href=\"https:\/\/www.ki-management.com\/en\/2190\/ueber-den-daechern-koelns-rueckblick-auf-das-ki-m-sommerfest-2023\/\" \/>\n<meta property=\"og:locale\" content=\"en_US\" \/>\n<meta property=\"og:type\" content=\"article\" \/>\n<meta property=\"og:title\" content=\"\u00dcber den D\u00e4chern K\u00f6lns: R\u00fcckblick auf das KI.M Sommerfest 2023 - K\u00f6lner Institut f\u00fcr Managementberatung\" \/>\n<meta property=\"og:description\" content=\"Die Dachterrasse des KI.M, mit ihrem traumhaften Blick \u00fcber die D\u00e4cher K\u00f6lns, verwandelte sich am vergangenen Freitag in einen Ort der Erinnerungen und des Wiedersehens: Unser traditionelles Sommerfest stellte sich auch in diesem Jahr als voller Erfolg heraus. Rund 70 Mitarbeitende, Alumni sowie Projektpartnerinnen und Projektpartner fanden den Weg in unser K\u00f6lner Office, um gemeinsam ... Weiterlesen ...\" \/>\n<meta property=\"og:url\" content=\"https:\/\/www.ki-management.com\/en\/2190\/ueber-den-daechern-koelns-rueckblick-auf-das-ki-m-sommerfest-2023\/\" \/>\n<meta property=\"og:site_name\" content=\"K\u00f6lner Institut f\u00fcr Managementberatung\" \/>\n<meta property=\"article:published_time\" content=\"2023-08-24T11:43:45+00:00\" \/>\n<meta property=\"og:image\" content=\"https:\/\/www.ki-management.com\/wp-content\/uploads\/2023\/08\/IMG_0505-scaled-e1692874357941.jpg\" \/>\n\t<meta property=\"og:image:width\" content=\"1920\" \/>\n\t<meta property=\"og:image:height\" content=\"930\" \/>\n\t<meta property=\"og:image:type\" content=\"image\/jpeg\" \/>\n<meta name=\"author\" content=\"Kim Johannsen\" \/>\n<meta name=\"twitter:card\" content=\"summary_large_image\" \/>\n<meta name=\"twitter:label1\" content=\"Written by\" \/>\n\t<meta name=\"twitter:data1\" content=\"Kim Johannsen\" \/>\n\t<meta name=\"twitter:label2\" content=\"Est. reading time\" \/>\n\t<meta name=\"twitter:data2\" content=\"2 minutes\" \/>\n<script type=\"application\/ld+json\" class=\"yoast-schema-graph\">{\"@context\":\"https:\\\/\\\/schema.org\",\"@graph\":[{\"@type\":\"Article\",\"@id\":\"https:\\\/\\\/www.ki-management.com\\\/2190\\\/ueber-den-daechern-koelns-rueckblick-auf-das-ki-m-sommerfest-2023\\\/#article\",\"isPartOf\":{\"@id\":\"https:\\\/\\\/www.ki-management.com\\\/2190\\\/ueber-den-daechern-koelns-rueckblick-auf-das-ki-m-sommerfest-2023\\\/\"},\"author\":{\"name\":\"Kim Johannsen\",\"@id\":\"https:\\\/\\\/www.ki-management.com\\\/#\\\/schema\\\/person\\\/01147fff2b1f7eb8c15ab402c0cb8b1d\"},\"headline\":\"\u00dcber den D\u00e4chern K\u00f6lns: R\u00fcckblick auf das KI.M Sommerfest 2023\",\"datePublished\":\"2023-08-24T11:43:45+00:00\",\"mainEntityOfPage\":{\"@id\":\"https:\\\/\\\/www.ki-management.com\\\/2190\\\/ueber-den-daechern-koelns-rueckblick-auf-das-ki-m-sommerfest-2023\\\/\"},\"wordCount\":297,\"commentCount\":0,\"publisher\":{\"@id\":\"https:\\\/\\\/www.ki-management.com\\\/#organization\"},\"image\":{\"@id\":\"https:\\\/\\\/www.ki-management.com\\\/2190\\\/ueber-den-daechern-koelns-rueckblick-auf-das-ki-m-sommerfest-2023\\\/#primaryimage\"},\"thumbnailUrl\":\"https:\\\/\\\/www.ki-management.com\\\/wp-content\\\/uploads\\\/2023\\\/08\\\/IMG_0505-scaled-e1692874357941.jpg\",\"keywords\":[\"Dachterrasse\",\"KI.M\",\"K\u00f6ln\",\"K\u00f6lner Institut f\u00fcr Managementberatung\",\"Managementberatung\",\"Sommerfest\"],\"articleSection\":[\"news\"],\"inLanguage\":\"en-US\",\"potentialAction\":[{\"@type\":\"CommentAction\",\"name\":\"Comment\",\"target\":[\"https:\\\/\\\/www.ki-management.com\\\/2190\\\/ueber-den-daechern-koelns-rueckblick-auf-das-ki-m-sommerfest-2023\\\/#respond\"]}]},{\"@type\":\"WebPage\",\"@id\":\"https:\\\/\\\/www.ki-management.com\\\/2190\\\/ueber-den-daechern-koelns-rueckblick-auf-das-ki-m-sommerfest-2023\\\/\",\"url\":\"https:\\\/\\\/www.ki-management.com\\\/2190\\\/ueber-den-daechern-koelns-rueckblick-auf-das-ki-m-sommerfest-2023\\\/\",\"name\":\"\u00dcber den D\u00e4chern K\u00f6lns: R\u00fcckblick auf das KI.M Sommerfest 2023 - K\u00f6lner Institut f\u00fcr Managementberatung\",\"isPartOf\":{\"@id\":\"https:\\\/\\\/www.ki-management.com\\\/#website\"},\"primaryImageOfPage\":{\"@id\":\"https:\\\/\\\/www.ki-management.com\\\/2190\\\/ueber-den-daechern-koelns-rueckblick-auf-das-ki-m-sommerfest-2023\\\/#primaryimage\"},\"image\":{\"@id\":\"https:\\\/\\\/www.ki-management.com\\\/2190\\\/ueber-den-daechern-koelns-rueckblick-auf-das-ki-m-sommerfest-2023\\\/#primaryimage\"},\"thumbnailUrl\":\"https:\\\/\\\/www.ki-management.com\\\/wp-content\\\/uploads\\\/2023\\\/08\\\/IMG_0505-scaled-e1692874357941.jpg\",\"datePublished\":\"2023-08-24T11:43:45+00:00\",\"breadcrumb\":{\"@id\":\"https:\\\/\\\/www.ki-management.com\\\/2190\\\/ueber-den-daechern-koelns-rueckblick-auf-das-ki-m-sommerfest-2023\\\/#breadcrumb\"},\"inLanguage\":\"en-US\",\"potentialAction\":[{\"@type\":\"ReadAction\",\"target\":[\"https:\\\/\\\/www.ki-management.com\\\/2190\\\/ueber-den-daechern-koelns-rueckblick-auf-das-ki-m-sommerfest-2023\\\/\"]}]},{\"@type\":\"ImageObject\",\"inLanguage\":\"en-US\",\"@id\":\"https:\\\/\\\/www.ki-management.com\\\/2190\\\/ueber-den-daechern-koelns-rueckblick-auf-das-ki-m-sommerfest-2023\\\/#primaryimage\",\"url\":\"https:\\\/\\\/www.ki-management.com\\\/wp-content\\\/uploads\\\/2023\\\/08\\\/IMG_0505-scaled-e1692874357941.jpg\",\"contentUrl\":\"https:\\\/\\\/www.ki-management.com\\\/wp-content\\\/uploads\\\/2023\\\/08\\\/IMG_0505-scaled-e1692874357941.jpg\",\"width\":1920,\"height\":930},{\"@type\":\"BreadcrumbList\",\"@id\":\"https:\\\/\\\/www.ki-management.com\\\/2190\\\/ueber-den-daechern-koelns-rueckblick-auf-das-ki-m-sommerfest-2023\\\/#breadcrumb\",\"itemListElement\":[{\"@type\":\"ListItem\",\"position\":1,\"name\":\"Startseite\",\"item\":\"https:\\\/\\\/www.ki-management.com\\\/\"},{\"@type\":\"ListItem\",\"position\":2,\"name\":\"\u00dcber den D\u00e4chern K\u00f6lns: R\u00fcckblick auf das KI.M Sommerfest 2023\"}]},{\"@type\":\"WebSite\",\"@id\":\"https:\\\/\\\/www.ki-management.com\\\/#website\",\"url\":\"https:\\\/\\\/www.ki-management.com\\\/\",\"name\":\"K\u00f6lner Institut f\u00fcr Managementberatung\",\"description\":\"\",\"publisher\":{\"@id\":\"https:\\\/\\\/www.ki-management.com\\\/#organization\"},\"potentialAction\":[{\"@type\":\"SearchAction\",\"target\":{\"@type\":\"EntryPoint\",\"urlTemplate\":\"https:\\\/\\\/www.ki-management.com\\\/?s={search_term_string}\"},\"query-input\":{\"@type\":\"PropertyValueSpecification\",\"valueRequired\":true,\"valueName\":\"search_term_string\"}}],\"inLanguage\":\"en-US\"},{\"@type\":\"Organization\",\"@id\":\"https:\\\/\\\/www.ki-management.com\\\/#organization\",\"name\":\"K\u00f6lner Institut f\u00fcr Managementberatung\",\"url\":\"https:\\\/\\\/www.ki-management.com\\\/\",\"logo\":{\"@type\":\"ImageObject\",\"inLanguage\":\"en-US\",\"@id\":\"https:\\\/\\\/www.ki-management.com\\\/#\\\/schema\\\/logo\\\/image\\\/\",\"url\":\"https:\\\/\\\/www.ki-management.com\\\/wp-content\\\/uploads\\\/2025\\\/05\\\/K.I.M_Logo_pos.svg\",\"contentUrl\":\"https:\\\/\\\/www.ki-management.com\\\/wp-content\\\/uploads\\\/2025\\\/05\\\/K.I.M_Logo_pos.svg\",\"width\":100,\"height\":100,\"caption\":\"K\u00f6lner Institut f\u00fcr Managementberatung\"},\"image\":{\"@id\":\"https:\\\/\\\/www.ki-management.com\\\/#\\\/schema\\\/logo\\\/image\\\/\"}},{\"@type\":\"Person\",\"@id\":\"https:\\\/\\\/www.ki-management.com\\\/#\\\/schema\\\/person\\\/01147fff2b1f7eb8c15ab402c0cb8b1d\",\"name\":\"Kim Johannsen\",\"description\":\"E-Mail: kim.johannsen@moveup.de Telefon: +49 123 456789\",\"url\":\"https:\\\/\\\/www.ki-management.com\\\/en\\\/author\\\/k-johannsen\\\/\"}]}<\/script>\n<!-- \/ Yoast SEO plugin. -->","yoast_head_json":{"title":"\u00dcber den D\u00e4chern K\u00f6lns: R\u00fcckblick auf das KI.M Sommerfest 2023 - K\u00f6lner Institut f\u00fcr Managementberatung","robots":{"index":"index","follow":"follow","max-snippet":"max-snippet:-1","max-image-preview":"max-image-preview:large","max-video-preview":"max-video-preview:-1"},"canonical":"https:\/\/www.ki-management.com\/en\/2190\/ueber-den-daechern-koelns-rueckblick-auf-das-ki-m-sommerfest-2023\/","og_locale":"en_US","og_type":"article","og_title":"\u00dcber den D\u00e4chern K\u00f6lns: R\u00fcckblick auf das KI.M Sommerfest 2023 - K\u00f6lner Institut f\u00fcr Managementberatung","og_description":"Die Dachterrasse des KI.M, mit ihrem traumhaften Blick \u00fcber die D\u00e4cher K\u00f6lns, verwandelte sich am vergangenen Freitag in einen Ort der Erinnerungen und des Wiedersehens: Unser traditionelles Sommerfest stellte sich auch in diesem Jahr als voller Erfolg heraus. Rund 70 Mitarbeitende, Alumni sowie Projektpartnerinnen und Projektpartner fanden den Weg in unser K\u00f6lner Office, um gemeinsam ... Weiterlesen ...","og_url":"https:\/\/www.ki-management.com\/en\/2190\/ueber-den-daechern-koelns-rueckblick-auf-das-ki-m-sommerfest-2023\/","og_site_name":"K\u00f6lner Institut f\u00fcr Managementberatung","article_published_time":"2023-08-24T11:43:45+00:00","og_image":[{"width":1920,"height":930,"url":"https:\/\/www.ki-management.com\/wp-content\/uploads\/2023\/08\/IMG_0505-scaled-e1692874357941.jpg","type":"image\/jpeg"}],"author":"Kim Johannsen","twitter_card":"summary_large_image","twitter_misc":{"Written by":"Kim Johannsen","Est. reading time":"2 minutes"},"schema":{"@context":"https:\/\/schema.org","@graph":[{"@type":"Article","@id":"https:\/\/www.ki-management.com\/2190\/ueber-den-daechern-koelns-rueckblick-auf-das-ki-m-sommerfest-2023\/#article","isPartOf":{"@id":"https:\/\/www.ki-management.com\/2190\/ueber-den-daechern-koelns-rueckblick-auf-das-ki-m-sommerfest-2023\/"},"author":{"name":"Kim Johannsen","@id":"https:\/\/www.ki-management.com\/#\/schema\/person\/01147fff2b1f7eb8c15ab402c0cb8b1d"},"headline":"\u00dcber den D\u00e4chern K\u00f6lns: R\u00fcckblick auf das KI.M Sommerfest 2023","datePublished":"2023-08-24T11:43:45+00:00","mainEntityOfPage":{"@id":"https:\/\/www.ki-management.com\/2190\/ueber-den-daechern-koelns-rueckblick-auf-das-ki-m-sommerfest-2023\/"},"wordCount":297,"commentCount":0,"publisher":{"@id":"https:\/\/www.ki-management.com\/#organization"},"image":{"@id":"https:\/\/www.ki-management.com\/2190\/ueber-den-daechern-koelns-rueckblick-auf-das-ki-m-sommerfest-2023\/#primaryimage"},"thumbnailUrl":"https:\/\/www.ki-management.com\/wp-content\/uploads\/2023\/08\/IMG_0505-scaled-e1692874357941.jpg","keywords":["Dachterrasse","KI.M","K\u00f6ln","K\u00f6lner Institut f\u00fcr Managementberatung","Managementberatung","Sommerfest"],"articleSection":["news"],"inLanguage":"en-US","potentialAction":[{"@type":"CommentAction","name":"Comment","target":["https:\/\/www.ki-management.com\/2190\/ueber-den-daechern-koelns-rueckblick-auf-das-ki-m-sommerfest-2023\/#respond"]}]},{"@type":"WebPage","@id":"https:\/\/www.ki-management.com\/2190\/ueber-den-daechern-koelns-rueckblick-auf-das-ki-m-sommerfest-2023\/","url":"https:\/\/www.ki-management.com\/2190\/ueber-den-daechern-koelns-rueckblick-auf-das-ki-m-sommerfest-2023\/","name":"\u00dcber den D\u00e4chern K\u00f6lns: R\u00fcckblick auf das KI.M Sommerfest 2023 - K\u00f6lner Institut f\u00fcr Managementberatung","isPartOf":{"@id":"https:\/\/www.ki-management.com\/#website"},"primaryImageOfPage":{"@id":"https:\/\/www.ki-management.com\/2190\/ueber-den-daechern-koelns-rueckblick-auf-das-ki-m-sommerfest-2023\/#primaryimage"},"image":{"@id":"https:\/\/www.ki-management.com\/2190\/ueber-den-daechern-koelns-rueckblick-auf-das-ki-m-sommerfest-2023\/#primaryimage"},"thumbnailUrl":"https:\/\/www.ki-management.com\/wp-content\/uploads\/2023\/08\/IMG_0505-scaled-e1692874357941.jpg","datePublished":"2023-08-24T11:43:45+00:00","breadcrumb":{"@id":"https:\/\/www.ki-management.com\/2190\/ueber-den-daechern-koelns-rueckblick-auf-das-ki-m-sommerfest-2023\/#breadcrumb"},"inLanguage":"en-US","potentialAction":[{"@type":"ReadAction","target":["https:\/\/www.ki-management.com\/2190\/ueber-den-daechern-koelns-rueckblick-auf-das-ki-m-sommerfest-2023\/"]}]},{"@type":"ImageObject","inLanguage":"en-US","@id":"https:\/\/www.ki-management.com\/2190\/ueber-den-daechern-koelns-rueckblick-auf-das-ki-m-sommerfest-2023\/#primaryimage","url":"https:\/\/www.ki-management.com\/wp-content\/uploads\/2023\/08\/IMG_0505-scaled-e1692874357941.jpg","contentUrl":"https:\/\/www.ki-management.com\/wp-content\/uploads\/2023\/08\/IMG_0505-scaled-e1692874357941.jpg","width":1920,"height":930},{"@type":"BreadcrumbList","@id":"https:\/\/www.ki-management.com\/2190\/ueber-den-daechern-koelns-rueckblick-auf-das-ki-m-sommerfest-2023\/#breadcrumb","itemListElement":[{"@type":"ListItem","position":1,"name":"Startseite","item":"https:\/\/www.ki-management.com\/"},{"@type":"ListItem","position":2,"name":"\u00dcber den D\u00e4chern K\u00f6lns: R\u00fcckblick auf das KI.M Sommerfest 2023"}]},{"@type":"WebSite","@id":"https:\/\/www.ki-management.com\/#website","url":"https:\/\/www.ki-management.com\/","name":"Cologne Institute for Management Consulting","description":"","publisher":{"@id":"https:\/\/www.ki-management.com\/#organization"},"potentialAction":[{"@type":"SearchAction","target":{"@type":"EntryPoint","urlTemplate":"https:\/\/www.ki-management.com\/?s={search_term_string}"},"query-input":{"@type":"PropertyValueSpecification","valueRequired":true,"valueName":"search_term_string"}}],"inLanguage":"en-US"},{"@type":"Organization","@id":"https:\/\/www.ki-management.com\/#organization","name":"Cologne Institute for Management Consulting","url":"https:\/\/www.ki-management.com\/","logo":{"@type":"ImageObject","inLanguage":"en-US","@id":"https:\/\/www.ki-management.com\/#\/schema\/logo\/image\/","url":"https:\/\/www.ki-management.com\/wp-content\/uploads\/2025\/05\/K.I.M_Logo_pos.svg","contentUrl":"https:\/\/www.ki-management.com\/wp-content\/uploads\/2025\/05\/K.I.M_Logo_pos.svg","width":100,"height":100,"caption":"K\u00f6lner Institut f\u00fcr Managementberatung"},"image":{"@id":"https:\/\/www.ki-management.com\/#\/schema\/logo\/image\/"}},{"@type":"Person","@id":"https:\/\/www.ki-management.com\/#\/schema\/person\/01147fff2b1f7eb8c15ab402c0cb8b1d","name":"Kim Johannsen","description":"E-Mail: kim.johannsen@moveup.de Telefon: +49 123 456789","url":"https:\/\/www.ki-management.com\/en\/author\/k-johannsen\/"}]}},"spectra_custom_meta":{"wp_statistics_words_count":["242"],"_edit_last":["2"],"_thumbnail_id":["2191"],"_yoast_wpseo_focuskw":["[:de]Sommerfest; Dachterrasse; Alumni; [:]"],"_yoast_wpseo_linkdex":["45"],"_yoast_wpseo_content_score":["90"],"_yoast_wpseo_estimated-reading-time-minutes":["2"],"_yoast_wpseo_wordproof_timestamp":[""],"_yoast_wpseo_primary_category":[""],"_uag_css_file_name":["uag-css-2190.css"]},"uagb_featured_image_src":{"full":["https:\/\/www.ki-management.com\/wp-content\/uploads\/2023\/08\/IMG_0505-scaled-e1692874357941.jpg",1920,930,false],"thumbnail":["https:\/\/www.ki-management.com\/wp-content\/uploads\/2023\/08\/IMG_0505-scaled-e1692874357941-150x150.jpg",150,150,true],"medium":["https:\/\/www.ki-management.com\/wp-content\/uploads\/2023\/08\/IMG_0505-scaled-e1692874357941-300x145.jpg",300,145,true],"medium_large":["https:\/\/www.ki-management.com\/wp-content\/uploads\/2023\/08\/IMG_0505-scaled-e1692874357941-768x372.jpg",768,372,true],"large":["https:\/\/www.ki-management.com\/wp-content\/uploads\/2023\/08\/IMG_0505-scaled-e1692874357941-1024x496.jpg",1024,496,true],"1536x1536":["https:\/\/www.ki-management.com\/wp-content\/uploads\/2023\/08\/IMG_0505-scaled-e1692874357941-1536x744.jpg",1536,744,true],"2048x2048":["https:\/\/www.ki-management.com\/wp-content\/uploads\/2023\/08\/IMG_0505-scaled-e1692874357941.jpg",1920,930,false],"trp-custom-language-flag":["https:\/\/www.ki-management.com\/wp-content\/uploads\/2023\/08\/IMG_0505-scaled-e1692874357941.jpg",18,9,false],"3-2-Thumb":["https:\/\/www.ki-management.com\/wp-content\/uploads\/2023\/08\/IMG_0505-scaled-e1692874357941-640x480.jpg",640,480,true],"SquareThumb":["https:\/\/www.ki-management.com\/wp-content\/uploads\/2023\/08\/IMG_0505-scaled-e1692874357941-960x930.jpg",960,930,true],"16-9-Thumb":["https:\/\/www.ki-management.com\/wp-content\/uploads\/2023\/08\/IMG_0505-scaled-e1692874357941-960x540.jpg",960,540,true],"SquareBig":["https:\/\/www.ki-management.com\/wp-content\/uploads\/2023\/08\/IMG_0505-scaled-e1692874357941.jpg",1920,930,false],"16-9-Big":["https:\/\/www.ki-management.com\/wp-content\/uploads\/2023\/08\/IMG_0505-scaled-e1692874357941.jpg",1920,930,false]},"uagb_author_info":{"display_name":"Kim Johannsen","author_link":"https:\/\/www.ki-management.com\/en\/author\/k-johannsen\/"},"uagb_comment_info":0,"uagb_excerpt":"Die Dachterrasse des KI.M, mit ihrem traumhaften Blick \u00fcber die D\u00e4cher K\u00f6lns, verwandelte sich am vergangenen Freitag in einen Ort der Erinnerungen und des Wiedersehens: Unser traditionelles Sommerfest stellte sich auch in diesem Jahr als voller Erfolg heraus. Rund 70 Mitarbeitende, Alumni sowie Projektpartnerinnen und Projektpartner fanden den Weg in unser K\u00f6lner Office, um gemeinsam&hellip;","_links":{"self":[{"href":"https:\/\/www.ki-management.com\/en\/wp-json\/wp\/v2\/posts\/2190","targetHints":{"allow":["GET"]}}],"collection":[{"href":"https:\/\/www.ki-management.com\/en\/wp-json\/wp\/v2\/posts"}],"about":[{"href":"https:\/\/www.ki-management.com\/en\/wp-json\/wp\/v2\/types\/post"}],"author":[{"embeddable":true,"href":"https:\/\/www.ki-management.com\/en\/wp-json\/wp\/v2\/users\/2"}],"replies":[{"embeddable":true,"href":"https:\/\/www.ki-management.com\/en\/wp-json\/wp\/v2\/comments?post=2190"}],"version-history":[{"count":0,"href":"https:\/\/www.ki-management.com\/en\/wp-json\/wp\/v2\/posts\/2190\/revisions"}],"wp:featuredmedia":[{"embeddable":true,"href":"https:\/\/www.ki-management.com\/en\/wp-json\/wp\/v2\/media\/2191"}],"wp:attachment":[{"href":"https:\/\/www.ki-management.com\/en\/wp-json\/wp\/v2\/media?parent=2190"}],"wp:term":[{"taxonomy":"category","embeddable":true,"href":"https:\/\/www.ki-management.com\/en\/wp-json\/wp\/v2\/categories?post=2190"},{"taxonomy":"post_tag","embeddable":true,"href":"https:\/\/www.ki-management.com\/en\/wp-json\/wp\/v2\/tags?post=2190"}],"curies":[{"name":"wp","href":"https:\/\/api.w.org\/{rel}","templated":true}]}}