{"id":2421,"date":"2024-03-21T15:06:41","date_gmt":"2024-03-21T14:06:41","guid":{"rendered":"https:\/\/blog.ki-management.com\/?p=2421"},"modified":"2024-03-21T15:06:41","modified_gmt":"2024-03-21T14:06:41","slug":"ein-plaedoyer-fuer-diversitaet","status":"publish","type":"post","link":"https:\/\/www.ki-management.com\/en\/2421\/ein-plaedoyer-fuer-diversitaet\/","title":{"rendered":"A plea for diversity"},"content":{"rendered":"<p>The International Day for the Elimination of Racial Discrimination reminds us that our world is still characterized by diversity and differences and that it is crucial to work every day for tolerance, respect and equal treatment.<\/p>\n<p>With this in mind, we, the team at the Cologne Institute for Management Consulting, would like to emphasize that diversity is not only important, but also one of our greatest strengths. In our assessment centers, trainings, and change workshops, as well as in our everyday work, we have repeatedly seen how diverse teams achieve more creative solutions and how different perspectives and backgrounds enrich everyone. For us, diversity means not only different countries of origin and gender, but also different experiences, skills, and ways of thinking.<\/p>\n<p>As a team, we are committed to ensuring that everyone has equal opportunities and rights, regardless of their origin, religion, or skin color. Together, we stand for a world in which diversity is not only accepted but also celebrated.<\/p>\n<p>The International Day for the Elimination of Racial Discrimination is an opportunity to take a stand and stand together against racism. We invite everyone to join us in creating a better future for all. Because only through cooperation and mutual respect can we create a world where diversity is valued and where everyone can realize their full potential.<\/p>\n<p>Let&#039;s take a stand together against racism and for a world where tolerance and diversity are the norm. Together we are strong!<\/p>","protected":false},"excerpt":{"rendered":"<p>The International Day for the Elimination of Racial Discrimination reminds us that our world is still characterized by diversity and differences, and that it is crucial to strive for tolerance, respect, and equal treatment every day. In this spirit, we, the team at the Cologne Institute for Management Consulting, would like to emphasize that diversity is not only important, but a... <a title=\"A plea for diversity\" class=\"read-more\" href=\"https:\/\/www.ki-management.com\/en\/2421\/ein-plaedoyer-fuer-diversitaet\/\" aria-label=\"Read more about Ein Pl\u00e4doyer f\u00fcr Diversit\u00e4t\">Read more\u2026<\/a><\/p>","protected":false},"author":2,"featured_media":2423,"comment_status":"open","ping_status":"closed","sticky":false,"template":"","format":"standard","meta":{"inline_featured_image":false,"_uag_custom_page_level_css":"","footnotes":""},"categories":[11],"tags":[],"class_list":["post-2421","post","type-post","status-publish","format-standard","has-post-thumbnail","hentry","category-news","generate-columns","tablet-grid-50","mobile-grid-100","grid-parent","grid-50"],"yoast_head":"<!-- This site is optimized with the Yoast SEO plugin v27.5 - https:\/\/yoast.com\/product\/yoast-seo-wordpress\/ -->\n<title>Ein Pl\u00e4doyer f\u00fcr Diversit\u00e4t - K\u00f6lner Institut f\u00fcr Managementberatung<\/title>\n<meta name=\"robots\" content=\"index, follow, max-snippet:-1, max-image-preview:large, max-video-preview:-1\" \/>\n<link rel=\"canonical\" href=\"https:\/\/www.ki-management.com\/en\/2421\/ein-plaedoyer-fuer-diversitaet\/\" \/>\n<meta property=\"og:locale\" content=\"en_US\" \/>\n<meta property=\"og:type\" content=\"article\" \/>\n<meta property=\"og:title\" content=\"Ein Pl\u00e4doyer f\u00fcr Diversit\u00e4t - K\u00f6lner Institut f\u00fcr Managementberatung\" \/>\n<meta property=\"og:description\" content=\"Der Internationale Tag gegen Rassismus erinnert uns daran, dass unsere Welt nach wie vor von Vielfalt und Unterschieden gepr\u00e4gt ist und dass es entscheidend ist, sich jeden Tag f\u00fcr Toleranz, Respekt und Gleichbehandlung einzusetzen. In diesem Sinne m\u00f6chten wir, das Team des K\u00f6lner Instituts f\u00fcr Managementberatung, betonen, dass Diversit\u00e4t nicht nur wichtig ist, sondern eine ... Weiterlesen ...\" \/>\n<meta property=\"og:url\" content=\"https:\/\/www.ki-management.com\/en\/2421\/ein-plaedoyer-fuer-diversitaet\/\" \/>\n<meta property=\"og:site_name\" content=\"K\u00f6lner Institut f\u00fcr Managementberatung\" \/>\n<meta property=\"article:published_time\" content=\"2024-03-21T14:06:41+00:00\" \/>\n<meta property=\"og:image\" content=\"https:\/\/www.ki-management.com\/wp-content\/uploads\/2024\/03\/IMG_1612-e1711029987836.jpeg\" \/>\n\t<meta property=\"og:image:width\" content=\"2048\" \/>\n\t<meta property=\"og:image:height\" content=\"996\" \/>\n\t<meta property=\"og:image:type\" content=\"image\/jpeg\" \/>\n<meta name=\"author\" content=\"Kim Johannsen\" \/>\n<meta name=\"twitter:card\" content=\"summary_large_image\" \/>\n<meta name=\"twitter:label1\" content=\"Written by\" \/>\n\t<meta name=\"twitter:data1\" content=\"Kim Johannsen\" \/>\n\t<meta name=\"twitter:label2\" content=\"Est. reading time\" \/>\n\t<meta name=\"twitter:data2\" content=\"2 minutes\" \/>\n<script type=\"application\/ld+json\" class=\"yoast-schema-graph\">{\"@context\":\"https:\\\/\\\/schema.org\",\"@graph\":[{\"@type\":\"Article\",\"@id\":\"https:\\\/\\\/www.ki-management.com\\\/2421\\\/ein-plaedoyer-fuer-diversitaet\\\/#article\",\"isPartOf\":{\"@id\":\"https:\\\/\\\/www.ki-management.com\\\/2421\\\/ein-plaedoyer-fuer-diversitaet\\\/\"},\"author\":{\"name\":\"Kim Johannsen\",\"@id\":\"https:\\\/\\\/www.ki-management.com\\\/#\\\/schema\\\/person\\\/01147fff2b1f7eb8c15ab402c0cb8b1d\"},\"headline\":\"Ein Pl\u00e4doyer f\u00fcr Diversit\u00e4t\",\"datePublished\":\"2024-03-21T14:06:41+00:00\",\"mainEntityOfPage\":{\"@id\":\"https:\\\/\\\/www.ki-management.com\\\/2421\\\/ein-plaedoyer-fuer-diversitaet\\\/\"},\"wordCount\":261,\"commentCount\":0,\"publisher\":{\"@id\":\"https:\\\/\\\/www.ki-management.com\\\/#organization\"},\"image\":{\"@id\":\"https:\\\/\\\/www.ki-management.com\\\/2421\\\/ein-plaedoyer-fuer-diversitaet\\\/#primaryimage\"},\"thumbnailUrl\":\"https:\\\/\\\/www.ki-management.com\\\/wp-content\\\/uploads\\\/2024\\\/03\\\/IMG_1612-e1711029987836.jpeg\",\"articleSection\":[\"news\"],\"inLanguage\":\"en-US\",\"potentialAction\":[{\"@type\":\"CommentAction\",\"name\":\"Comment\",\"target\":[\"https:\\\/\\\/www.ki-management.com\\\/2421\\\/ein-plaedoyer-fuer-diversitaet\\\/#respond\"]}]},{\"@type\":\"WebPage\",\"@id\":\"https:\\\/\\\/www.ki-management.com\\\/2421\\\/ein-plaedoyer-fuer-diversitaet\\\/\",\"url\":\"https:\\\/\\\/www.ki-management.com\\\/2421\\\/ein-plaedoyer-fuer-diversitaet\\\/\",\"name\":\"Ein Pl\u00e4doyer f\u00fcr Diversit\u00e4t - K\u00f6lner Institut f\u00fcr Managementberatung\",\"isPartOf\":{\"@id\":\"https:\\\/\\\/www.ki-management.com\\\/#website\"},\"primaryImageOfPage\":{\"@id\":\"https:\\\/\\\/www.ki-management.com\\\/2421\\\/ein-plaedoyer-fuer-diversitaet\\\/#primaryimage\"},\"image\":{\"@id\":\"https:\\\/\\\/www.ki-management.com\\\/2421\\\/ein-plaedoyer-fuer-diversitaet\\\/#primaryimage\"},\"thumbnailUrl\":\"https:\\\/\\\/www.ki-management.com\\\/wp-content\\\/uploads\\\/2024\\\/03\\\/IMG_1612-e1711029987836.jpeg\",\"datePublished\":\"2024-03-21T14:06:41+00:00\",\"breadcrumb\":{\"@id\":\"https:\\\/\\\/www.ki-management.com\\\/2421\\\/ein-plaedoyer-fuer-diversitaet\\\/#breadcrumb\"},\"inLanguage\":\"en-US\",\"potentialAction\":[{\"@type\":\"ReadAction\",\"target\":[\"https:\\\/\\\/www.ki-management.com\\\/2421\\\/ein-plaedoyer-fuer-diversitaet\\\/\"]}]},{\"@type\":\"ImageObject\",\"inLanguage\":\"en-US\",\"@id\":\"https:\\\/\\\/www.ki-management.com\\\/2421\\\/ein-plaedoyer-fuer-diversitaet\\\/#primaryimage\",\"url\":\"https:\\\/\\\/www.ki-management.com\\\/wp-content\\\/uploads\\\/2024\\\/03\\\/IMG_1612-e1711029987836.jpeg\",\"contentUrl\":\"https:\\\/\\\/www.ki-management.com\\\/wp-content\\\/uploads\\\/2024\\\/03\\\/IMG_1612-e1711029987836.jpeg\",\"width\":2048,\"height\":996},{\"@type\":\"BreadcrumbList\",\"@id\":\"https:\\\/\\\/www.ki-management.com\\\/2421\\\/ein-plaedoyer-fuer-diversitaet\\\/#breadcrumb\",\"itemListElement\":[{\"@type\":\"ListItem\",\"position\":1,\"name\":\"Startseite\",\"item\":\"https:\\\/\\\/www.ki-management.com\\\/\"},{\"@type\":\"ListItem\",\"position\":2,\"name\":\"Ein Pl\u00e4doyer f\u00fcr Diversit\u00e4t\"}]},{\"@type\":\"WebSite\",\"@id\":\"https:\\\/\\\/www.ki-management.com\\\/#website\",\"url\":\"https:\\\/\\\/www.ki-management.com\\\/\",\"name\":\"K\u00f6lner Institut f\u00fcr Managementberatung\",\"description\":\"\",\"publisher\":{\"@id\":\"https:\\\/\\\/www.ki-management.com\\\/#organization\"},\"potentialAction\":[{\"@type\":\"SearchAction\",\"target\":{\"@type\":\"EntryPoint\",\"urlTemplate\":\"https:\\\/\\\/www.ki-management.com\\\/?s={search_term_string}\"},\"query-input\":{\"@type\":\"PropertyValueSpecification\",\"valueRequired\":true,\"valueName\":\"search_term_string\"}}],\"inLanguage\":\"en-US\"},{\"@type\":\"Organization\",\"@id\":\"https:\\\/\\\/www.ki-management.com\\\/#organization\",\"name\":\"K\u00f6lner Institut f\u00fcr Managementberatung\",\"url\":\"https:\\\/\\\/www.ki-management.com\\\/\",\"logo\":{\"@type\":\"ImageObject\",\"inLanguage\":\"en-US\",\"@id\":\"https:\\\/\\\/www.ki-management.com\\\/#\\\/schema\\\/logo\\\/image\\\/\",\"url\":\"https:\\\/\\\/www.ki-management.com\\\/wp-content\\\/uploads\\\/2025\\\/05\\\/K.I.M_Logo_pos.svg\",\"contentUrl\":\"https:\\\/\\\/www.ki-management.com\\\/wp-content\\\/uploads\\\/2025\\\/05\\\/K.I.M_Logo_pos.svg\",\"width\":100,\"height\":100,\"caption\":\"K\u00f6lner Institut f\u00fcr Managementberatung\"},\"image\":{\"@id\":\"https:\\\/\\\/www.ki-management.com\\\/#\\\/schema\\\/logo\\\/image\\\/\"}},{\"@type\":\"Person\",\"@id\":\"https:\\\/\\\/www.ki-management.com\\\/#\\\/schema\\\/person\\\/01147fff2b1f7eb8c15ab402c0cb8b1d\",\"name\":\"Kim Johannsen\",\"description\":\"E-Mail: kim.johannsen@moveup.de Telefon: +49 123 456789\",\"url\":\"https:\\\/\\\/www.ki-management.com\\\/en\\\/author\\\/k-johannsen\\\/\"}]}<\/script>\n<!-- \/ Yoast SEO plugin. -->","yoast_head_json":{"title":"Ein Pl\u00e4doyer f\u00fcr Diversit\u00e4t - K\u00f6lner Institut f\u00fcr Managementberatung","robots":{"index":"index","follow":"follow","max-snippet":"max-snippet:-1","max-image-preview":"max-image-preview:large","max-video-preview":"max-video-preview:-1"},"canonical":"https:\/\/www.ki-management.com\/en\/2421\/ein-plaedoyer-fuer-diversitaet\/","og_locale":"en_US","og_type":"article","og_title":"Ein Pl\u00e4doyer f\u00fcr Diversit\u00e4t - K\u00f6lner Institut f\u00fcr Managementberatung","og_description":"Der Internationale Tag gegen Rassismus erinnert uns daran, dass unsere Welt nach wie vor von Vielfalt und Unterschieden gepr\u00e4gt ist und dass es entscheidend ist, sich jeden Tag f\u00fcr Toleranz, Respekt und Gleichbehandlung einzusetzen. In diesem Sinne m\u00f6chten wir, das Team des K\u00f6lner Instituts f\u00fcr Managementberatung, betonen, dass Diversit\u00e4t nicht nur wichtig ist, sondern eine ... Weiterlesen ...","og_url":"https:\/\/www.ki-management.com\/en\/2421\/ein-plaedoyer-fuer-diversitaet\/","og_site_name":"K\u00f6lner Institut f\u00fcr Managementberatung","article_published_time":"2024-03-21T14:06:41+00:00","og_image":[{"width":2048,"height":996,"url":"https:\/\/www.ki-management.com\/wp-content\/uploads\/2024\/03\/IMG_1612-e1711029987836.jpeg","type":"image\/jpeg"}],"author":"Kim Johannsen","twitter_card":"summary_large_image","twitter_misc":{"Written by":"Kim Johannsen","Est. reading time":"2 minutes"},"schema":{"@context":"https:\/\/schema.org","@graph":[{"@type":"Article","@id":"https:\/\/www.ki-management.com\/2421\/ein-plaedoyer-fuer-diversitaet\/#article","isPartOf":{"@id":"https:\/\/www.ki-management.com\/2421\/ein-plaedoyer-fuer-diversitaet\/"},"author":{"name":"Kim Johannsen","@id":"https:\/\/www.ki-management.com\/#\/schema\/person\/01147fff2b1f7eb8c15ab402c0cb8b1d"},"headline":"Ein Pl\u00e4doyer f\u00fcr Diversit\u00e4t","datePublished":"2024-03-21T14:06:41+00:00","mainEntityOfPage":{"@id":"https:\/\/www.ki-management.com\/2421\/ein-plaedoyer-fuer-diversitaet\/"},"wordCount":261,"commentCount":0,"publisher":{"@id":"https:\/\/www.ki-management.com\/#organization"},"image":{"@id":"https:\/\/www.ki-management.com\/2421\/ein-plaedoyer-fuer-diversitaet\/#primaryimage"},"thumbnailUrl":"https:\/\/www.ki-management.com\/wp-content\/uploads\/2024\/03\/IMG_1612-e1711029987836.jpeg","articleSection":["news"],"inLanguage":"en-US","potentialAction":[{"@type":"CommentAction","name":"Comment","target":["https:\/\/www.ki-management.com\/2421\/ein-plaedoyer-fuer-diversitaet\/#respond"]}]},{"@type":"WebPage","@id":"https:\/\/www.ki-management.com\/2421\/ein-plaedoyer-fuer-diversitaet\/","url":"https:\/\/www.ki-management.com\/2421\/ein-plaedoyer-fuer-diversitaet\/","name":"Ein Pl\u00e4doyer f\u00fcr Diversit\u00e4t - K\u00f6lner Institut f\u00fcr Managementberatung","isPartOf":{"@id":"https:\/\/www.ki-management.com\/#website"},"primaryImageOfPage":{"@id":"https:\/\/www.ki-management.com\/2421\/ein-plaedoyer-fuer-diversitaet\/#primaryimage"},"image":{"@id":"https:\/\/www.ki-management.com\/2421\/ein-plaedoyer-fuer-diversitaet\/#primaryimage"},"thumbnailUrl":"https:\/\/www.ki-management.com\/wp-content\/uploads\/2024\/03\/IMG_1612-e1711029987836.jpeg","datePublished":"2024-03-21T14:06:41+00:00","breadcrumb":{"@id":"https:\/\/www.ki-management.com\/2421\/ein-plaedoyer-fuer-diversitaet\/#breadcrumb"},"inLanguage":"en-US","potentialAction":[{"@type":"ReadAction","target":["https:\/\/www.ki-management.com\/2421\/ein-plaedoyer-fuer-diversitaet\/"]}]},{"@type":"ImageObject","inLanguage":"en-US","@id":"https:\/\/www.ki-management.com\/2421\/ein-plaedoyer-fuer-diversitaet\/#primaryimage","url":"https:\/\/www.ki-management.com\/wp-content\/uploads\/2024\/03\/IMG_1612-e1711029987836.jpeg","contentUrl":"https:\/\/www.ki-management.com\/wp-content\/uploads\/2024\/03\/IMG_1612-e1711029987836.jpeg","width":2048,"height":996},{"@type":"BreadcrumbList","@id":"https:\/\/www.ki-management.com\/2421\/ein-plaedoyer-fuer-diversitaet\/#breadcrumb","itemListElement":[{"@type":"ListItem","position":1,"name":"Startseite","item":"https:\/\/www.ki-management.com\/"},{"@type":"ListItem","position":2,"name":"Ein Pl\u00e4doyer f\u00fcr Diversit\u00e4t"}]},{"@type":"WebSite","@id":"https:\/\/www.ki-management.com\/#website","url":"https:\/\/www.ki-management.com\/","name":"Cologne Institute for Management Consulting","description":"","publisher":{"@id":"https:\/\/www.ki-management.com\/#organization"},"potentialAction":[{"@type":"SearchAction","target":{"@type":"EntryPoint","urlTemplate":"https:\/\/www.ki-management.com\/?s={search_term_string}"},"query-input":{"@type":"PropertyValueSpecification","valueRequired":true,"valueName":"search_term_string"}}],"inLanguage":"en-US"},{"@type":"Organization","@id":"https:\/\/www.ki-management.com\/#organization","name":"Cologne Institute for Management Consulting","url":"https:\/\/www.ki-management.com\/","logo":{"@type":"ImageObject","inLanguage":"en-US","@id":"https:\/\/www.ki-management.com\/#\/schema\/logo\/image\/","url":"https:\/\/www.ki-management.com\/wp-content\/uploads\/2025\/05\/K.I.M_Logo_pos.svg","contentUrl":"https:\/\/www.ki-management.com\/wp-content\/uploads\/2025\/05\/K.I.M_Logo_pos.svg","width":100,"height":100,"caption":"K\u00f6lner Institut f\u00fcr Managementberatung"},"image":{"@id":"https:\/\/www.ki-management.com\/#\/schema\/logo\/image\/"}},{"@type":"Person","@id":"https:\/\/www.ki-management.com\/#\/schema\/person\/01147fff2b1f7eb8c15ab402c0cb8b1d","name":"Kim Johannsen","description":"E-Mail: kim.johannsen@moveup.de Telefon: +49 123 456789","url":"https:\/\/www.ki-management.com\/en\/author\/k-johannsen\/"}]}},"spectra_custom_meta":{"wp_statistics_words_count":["228"],"_edit_last":["2"],"_yoast_wpseo_primary_category":[""],"_yoast_wpseo_content_score":["90"],"_yoast_wpseo_estimated-reading-time-minutes":["2"],"_yoast_wpseo_wordproof_timestamp":[""],"_thumbnail_id":["2423"],"_uag_css_file_name":["uag-css-2421.css"]},"uagb_featured_image_src":{"full":["https:\/\/www.ki-management.com\/wp-content\/uploads\/2024\/03\/IMG_1612-e1711029987836.jpeg",2048,996,false],"thumbnail":["https:\/\/www.ki-management.com\/wp-content\/uploads\/2024\/03\/IMG_1612-e1711029987836-150x150.jpeg",150,150,true],"medium":["https:\/\/www.ki-management.com\/wp-content\/uploads\/2024\/03\/IMG_1612-e1711029987836-300x146.jpeg",300,146,true],"medium_large":["https:\/\/www.ki-management.com\/wp-content\/uploads\/2024\/03\/IMG_1612-e1711029987836-768x374.jpeg",768,374,true],"large":["https:\/\/www.ki-management.com\/wp-content\/uploads\/2024\/03\/IMG_1612-e1711029987836-1024x498.jpeg",1024,498,true],"1536x1536":["https:\/\/www.ki-management.com\/wp-content\/uploads\/2024\/03\/IMG_1612-e1711029987836-1536x747.jpeg",1536,747,true],"2048x2048":["https:\/\/www.ki-management.com\/wp-content\/uploads\/2024\/03\/IMG_1612-e1711029987836.jpeg",2048,996,false],"trp-custom-language-flag":["https:\/\/www.ki-management.com\/wp-content\/uploads\/2024\/03\/IMG_1612-e1711029987836.jpeg",18,9,false],"3-2-Thumb":["https:\/\/www.ki-management.com\/wp-content\/uploads\/2024\/03\/IMG_1612-e1711029987836-640x480.jpeg",640,480,true],"SquareThumb":["https:\/\/www.ki-management.com\/wp-content\/uploads\/2024\/03\/IMG_1612-e1711029987836-960x960.jpeg",960,960,true],"16-9-Thumb":["https:\/\/www.ki-management.com\/wp-content\/uploads\/2024\/03\/IMG_1612-e1711029987836-960x540.jpeg",960,540,true],"SquareBig":["https:\/\/www.ki-management.com\/wp-content\/uploads\/2024\/03\/IMG_1612-e1711029987836-1920x996.jpeg",1920,996,true],"16-9-Big":["https:\/\/www.ki-management.com\/wp-content\/uploads\/2024\/03\/IMG_1612-e1711029987836-1980x996.jpeg",1980,996,true]},"uagb_author_info":{"display_name":"Kim Johannsen","author_link":"https:\/\/www.ki-management.com\/en\/author\/k-johannsen\/"},"uagb_comment_info":0,"uagb_excerpt":"Der Internationale Tag gegen Rassismus erinnert uns daran, dass unsere Welt nach wie vor von Vielfalt und Unterschieden gepr\u00e4gt ist und dass es entscheidend ist, sich jeden Tag f\u00fcr Toleranz, Respekt und Gleichbehandlung einzusetzen. In diesem Sinne m\u00f6chten wir, das Team des K\u00f6lner Instituts f\u00fcr Managementberatung, betonen, dass Diversit\u00e4t nicht nur wichtig ist, sondern eine&hellip;","_links":{"self":[{"href":"https:\/\/www.ki-management.com\/en\/wp-json\/wp\/v2\/posts\/2421","targetHints":{"allow":["GET"]}}],"collection":[{"href":"https:\/\/www.ki-management.com\/en\/wp-json\/wp\/v2\/posts"}],"about":[{"href":"https:\/\/www.ki-management.com\/en\/wp-json\/wp\/v2\/types\/post"}],"author":[{"embeddable":true,"href":"https:\/\/www.ki-management.com\/en\/wp-json\/wp\/v2\/users\/2"}],"replies":[{"embeddable":true,"href":"https:\/\/www.ki-management.com\/en\/wp-json\/wp\/v2\/comments?post=2421"}],"version-history":[{"count":0,"href":"https:\/\/www.ki-management.com\/en\/wp-json\/wp\/v2\/posts\/2421\/revisions"}],"wp:featuredmedia":[{"embeddable":true,"href":"https:\/\/www.ki-management.com\/en\/wp-json\/wp\/v2\/media\/2423"}],"wp:attachment":[{"href":"https:\/\/www.ki-management.com\/en\/wp-json\/wp\/v2\/media?parent=2421"}],"wp:term":[{"taxonomy":"category","embeddable":true,"href":"https:\/\/www.ki-management.com\/en\/wp-json\/wp\/v2\/categories?post=2421"},{"taxonomy":"post_tag","embeddable":true,"href":"https:\/\/www.ki-management.com\/en\/wp-json\/wp\/v2\/tags?post=2421"}],"curies":[{"name":"wp","href":"https:\/\/api.w.org\/{rel}","templated":true}]}}