{"id":510,"date":"2019-07-02T15:49:59","date_gmt":"2019-07-02T13:49:59","guid":{"rendered":"https:\/\/blog.ki-management.com\/?p=510"},"modified":"2019-07-02T15:49:59","modified_gmt":"2019-07-02T13:49:59","slug":"das-ki-m-auf-der-lako-fulda-2019","status":"publish","type":"post","link":"https:\/\/www.ki-management.com\/en\/510\/das-ki-m-auf-der-lako-fulda-2019\/","title":{"rendered":"[:de]Das KI.M auf der LAKO FULDA 2019[:]"},"content":{"rendered":"<p>[:de]<\/p>\n<h2>Inspirierender Austausch mit den Wirtschaftsjunioren Hessen<\/h2>\n<p>Vom 14. bis zum 16. Juni 2019 fand die Landeskonferenz der Wirtschaftsjunioren Hessen \u2013 kurz <a href=\"http:\/\/fd19.de\/\">LAKO FULDA 2019<\/a> \u2013 im sch\u00f6nen Fulda statt. Unter dem Motto \u201e<em>Wirtschaftsjunioren am Puls der Zeit<\/em>\u201c diskutierten mehr als 400 Teilnehmer dar\u00fcber, wie man die bew\u00e4hrten Tugenden des Unternehmertums mit neuem und modernem Denken verbinden kann. Neben engagierten Jungunternehmern und deutschen Wirtschaftsgr\u00f6\u00dfen waren auch viele internationale G\u00e4ste geladen \u2013 ein Event, auf dem nat\u00fcrlich auch das KI.M nicht fehlen durfte.<\/p>\n<h2>Workshop zum Thema Mitarbeitermotivation<\/h2>\n<p>Unsere Berater Nils Gau und Timo Metzner waren nicht nur als Besucher vor Ort, sondern gaben in ihrem Workshop \u201e<em>Make them stay \u2013 wie halte ich Leistungstr\u00e4ger im Unternehmen?<\/em>\u201c auch wertvolle Tipps zum Thema Mitarbeitermotivation.<\/p>\n<p>Im immer st\u00e4rker werdenden \u201eWar for Talents\u201c, also im Kampf um qualifizierte und motivierte Mitarbeiter, wird die Frage nach der Attraktivit\u00e4t als Arbeitgeber immer bedeutender. Dies spiegelte sich auch im gro\u00dfen Interesse und Engagement der am Workshop teilnehmenden F\u00fchrungskr\u00e4fte und Unternehmer wider.<\/p>\n<p>Mit unserem kompakten <a href=\"https:\/\/www.ki-management.com\/workshops\/\">Workshop<\/a>-Format vermittelten Nils und Timo interessierten Teilnehmern kurz und knapp die wichtigsten Faktoren der Mitarbeitermotivation und -loyalit\u00e4t. Eine wichtige Arbeitsgrundlage bildete die Selbstbestimmungstheorie von Deci &amp; Ryan, deren drei essentielle Bestandteile das Vertrauen in die Zusammenarbeit, das Aufdecken und Entwickeln von Kompetenzen sowie der eigene Gestaltungsspielraum (bzw. die Autonomie) sind. Im Workshop lernten die Teilnehmer diese Bestandteile nicht nur kennen, sondern hatten auch die M\u00f6glichkeit, sie in verschiedenen Methoden selbst zu erfahren \u2013 ein sehr wichtiger Faktor, um das Gelernte sp\u00e4ter im Unternehmen anwenden zu k\u00f6nnen.<\/p>\n<p><center><img loading=\"lazy\" decoding=\"async\" class=\"alignnone size-large wp-image-525\" src=\"https:\/\/blog.ki-management.com\/wp-content\/uploads\/2019\/06\/asfdns-375x500.jpg\" alt=\"SDT-Theory_ KI.M\" width=\"375\" height=\"500\" \/><\/center><\/p>\n<h2>Wertvolle Tipps im Austausch mit Kollegen<\/h2>\n<p>Doch Nils und Timo haben nicht nur ihr Wissen vermittelt \u2013 sie konnten auch noch etwas dazulernen: Aus dem Flipchart-Seminar von Marc Kr\u00fcger nahmen die beiden wertvolle Tipps und Tricks f\u00fcr die Ausgestaltung ihrer eigenen Trainings mit. Weitere Informationen zu dem sympathischen Trainer und dessen Angebot findet ihr unter <a href=\"http:\/\/www.flipchartseminare.de\">www.flipchartseminare.de<\/a>.<\/p>\n<p>F\u00fcr uns war die LAKO FULDA 2019 ein gelungenes Event. Deshalb danken wir Konferenzdirektor Christian Schmitt und seinem Team ganz herzlich f\u00fcr die Organisation und die Einladung zur Landeskonferenz der Wirtschaftsjunioren Hessen und hoffen auf ein Wiedersehen im n\u00e4chsten Jahr!<\/p>\n<p>&nbsp;[:]<\/p>\n","protected":false},"excerpt":{"rendered":"<p>[:de] Inspirierender Austausch mit den Wirtschaftsjunioren Hessen Vom 14. bis zum 16. Juni 2019 fand die Landeskonferenz der Wirtschaftsjunioren Hessen \u2013 kurz LAKO FULDA 2019 \u2013 im sch\u00f6nen Fulda statt. Unter dem Motto \u201eWirtschaftsjunioren am Puls der Zeit\u201c diskutierten mehr als 400 Teilnehmer dar\u00fcber, wie man die bew\u00e4hrten Tugenden des Unternehmertums mit neuem und modernem &#8230; <a title=\"[:de]Das KI.M auf der LAKO FULDA 2019[:]\" class=\"read-more\" href=\"https:\/\/www.ki-management.com\/en\/510\/das-ki-m-auf-der-lako-fulda-2019\/\" aria-label=\"Read more about [:de]Das KI.M auf der LAKO FULDA 2019[:]\">Weiterlesen &#8230;<\/a><\/p>\n","protected":false},"author":2,"featured_media":787,"comment_status":"open","ping_status":"closed","sticky":false,"template":"","format":"standard","meta":{"inline_featured_image":false,"_uag_custom_page_level_css":"","footnotes":""},"categories":[6,11],"tags":[76,87,105,131],"class_list":["post-510","post","type-post","status-publish","format-standard","has-post-thumbnail","hentry","category-intelligent","category-news","tag-lako-fulda","tag-mitarbeitermotivation","tag-selbstbestimmung","tag-workshop","generate-columns","tablet-grid-50","mobile-grid-100","grid-parent","grid-50"],"yoast_head":"<!-- This site is optimized with the Yoast SEO plugin v27.5 - https:\/\/yoast.com\/product\/yoast-seo-wordpress\/ -->\n<title>[:de]Das KI.M auf der LAKO FULDA 2019[:] - K\u00f6lner Institut f\u00fcr Managementberatung<\/title>\n<meta name=\"robots\" content=\"index, follow, max-snippet:-1, max-image-preview:large, max-video-preview:-1\" \/>\n<link rel=\"canonical\" href=\"https:\/\/www.ki-management.com\/en\/510\/das-ki-m-auf-der-lako-fulda-2019\/\" \/>\n<meta property=\"og:locale\" content=\"en_US\" \/>\n<meta property=\"og:type\" content=\"article\" \/>\n<meta property=\"og:title\" content=\"[:de]Das KI.M auf der LAKO FULDA 2019[:] - K\u00f6lner Institut f\u00fcr Managementberatung\" \/>\n<meta property=\"og:description\" content=\"[:de] Inspirierender Austausch mit den Wirtschaftsjunioren Hessen Vom 14. bis zum 16. Juni 2019 fand die Landeskonferenz der Wirtschaftsjunioren Hessen \u2013 kurz LAKO FULDA 2019 \u2013 im sch\u00f6nen Fulda statt. Unter dem Motto \u201eWirtschaftsjunioren am Puls der Zeit\u201c diskutierten mehr als 400 Teilnehmer dar\u00fcber, wie man die bew\u00e4hrten Tugenden des Unternehmertums mit neuem und modernem ... Weiterlesen ...\" \/>\n<meta property=\"og:url\" content=\"https:\/\/www.ki-management.com\/en\/510\/das-ki-m-auf-der-lako-fulda-2019\/\" \/>\n<meta property=\"og:site_name\" content=\"K\u00f6lner Institut f\u00fcr Managementberatung\" \/>\n<meta property=\"article:published_time\" content=\"2019-07-02T13:49:59+00:00\" \/>\n<meta property=\"og:image\" content=\"https:\/\/www.ki-management.com\/wp-content\/uploads\/2019\/07\/Header_Lako-Fulda_KB_2019-06-21.jpg\" \/>\n\t<meta property=\"og:image:width\" content=\"2400\" \/>\n\t<meta property=\"og:image:height\" content=\"1126\" \/>\n\t<meta property=\"og:image:type\" content=\"image\/jpeg\" \/>\n<meta name=\"author\" content=\"Kim Johannsen\" \/>\n<meta name=\"twitter:card\" content=\"summary_large_image\" \/>\n<meta name=\"twitter:label1\" content=\"Written by\" \/>\n\t<meta name=\"twitter:data1\" content=\"Kim Johannsen\" \/>\n\t<meta name=\"twitter:label2\" content=\"Est. reading time\" \/>\n\t<meta name=\"twitter:data2\" content=\"2 minutes\" \/>\n<script type=\"application\/ld+json\" class=\"yoast-schema-graph\">{\"@context\":\"https:\\\/\\\/schema.org\",\"@graph\":[{\"@type\":\"Article\",\"@id\":\"https:\\\/\\\/www.ki-management.com\\\/510\\\/das-ki-m-auf-der-lako-fulda-2019\\\/#article\",\"isPartOf\":{\"@id\":\"https:\\\/\\\/www.ki-management.com\\\/510\\\/das-ki-m-auf-der-lako-fulda-2019\\\/\"},\"author\":{\"name\":\"Kim Johannsen\",\"@id\":\"https:\\\/\\\/www.ki-management.com\\\/#\\\/schema\\\/person\\\/01147fff2b1f7eb8c15ab402c0cb8b1d\"},\"headline\":\"[:de]Das KI.M auf der LAKO FULDA 2019[:]\",\"datePublished\":\"2019-07-02T13:49:59+00:00\",\"mainEntityOfPage\":{\"@id\":\"https:\\\/\\\/www.ki-management.com\\\/510\\\/das-ki-m-auf-der-lako-fulda-2019\\\/\"},\"wordCount\":369,\"commentCount\":0,\"publisher\":{\"@id\":\"https:\\\/\\\/www.ki-management.com\\\/#organization\"},\"image\":{\"@id\":\"https:\\\/\\\/www.ki-management.com\\\/510\\\/das-ki-m-auf-der-lako-fulda-2019\\\/#primaryimage\"},\"thumbnailUrl\":\"https:\\\/\\\/www.ki-management.com\\\/wp-content\\\/uploads\\\/2019\\\/07\\\/Header_Lako-Fulda_KB_2019-06-21.jpg\",\"keywords\":[\"LAKO FULDA\",\"Mitarbeitermotivation\",\"Selbstbestimmung\",\"Workshop\"],\"articleSection\":[\"intelligent\",\"news\"],\"inLanguage\":\"en-US\",\"potentialAction\":[{\"@type\":\"CommentAction\",\"name\":\"Comment\",\"target\":[\"https:\\\/\\\/www.ki-management.com\\\/510\\\/das-ki-m-auf-der-lako-fulda-2019\\\/#respond\"]}]},{\"@type\":\"WebPage\",\"@id\":\"https:\\\/\\\/www.ki-management.com\\\/510\\\/das-ki-m-auf-der-lako-fulda-2019\\\/\",\"url\":\"https:\\\/\\\/www.ki-management.com\\\/510\\\/das-ki-m-auf-der-lako-fulda-2019\\\/\",\"name\":\"[:de]Das KI.M auf der LAKO FULDA 2019[:] - K\u00f6lner Institut f\u00fcr Managementberatung\",\"isPartOf\":{\"@id\":\"https:\\\/\\\/www.ki-management.com\\\/#website\"},\"primaryImageOfPage\":{\"@id\":\"https:\\\/\\\/www.ki-management.com\\\/510\\\/das-ki-m-auf-der-lako-fulda-2019\\\/#primaryimage\"},\"image\":{\"@id\":\"https:\\\/\\\/www.ki-management.com\\\/510\\\/das-ki-m-auf-der-lako-fulda-2019\\\/#primaryimage\"},\"thumbnailUrl\":\"https:\\\/\\\/www.ki-management.com\\\/wp-content\\\/uploads\\\/2019\\\/07\\\/Header_Lako-Fulda_KB_2019-06-21.jpg\",\"datePublished\":\"2019-07-02T13:49:59+00:00\",\"breadcrumb\":{\"@id\":\"https:\\\/\\\/www.ki-management.com\\\/510\\\/das-ki-m-auf-der-lako-fulda-2019\\\/#breadcrumb\"},\"inLanguage\":\"en-US\",\"potentialAction\":[{\"@type\":\"ReadAction\",\"target\":[\"https:\\\/\\\/www.ki-management.com\\\/510\\\/das-ki-m-auf-der-lako-fulda-2019\\\/\"]}]},{\"@type\":\"ImageObject\",\"inLanguage\":\"en-US\",\"@id\":\"https:\\\/\\\/www.ki-management.com\\\/510\\\/das-ki-m-auf-der-lako-fulda-2019\\\/#primaryimage\",\"url\":\"https:\\\/\\\/www.ki-management.com\\\/wp-content\\\/uploads\\\/2019\\\/07\\\/Header_Lako-Fulda_KB_2019-06-21.jpg\",\"contentUrl\":\"https:\\\/\\\/www.ki-management.com\\\/wp-content\\\/uploads\\\/2019\\\/07\\\/Header_Lako-Fulda_KB_2019-06-21.jpg\",\"width\":2400,\"height\":1126},{\"@type\":\"BreadcrumbList\",\"@id\":\"https:\\\/\\\/www.ki-management.com\\\/510\\\/das-ki-m-auf-der-lako-fulda-2019\\\/#breadcrumb\",\"itemListElement\":[{\"@type\":\"ListItem\",\"position\":1,\"name\":\"Startseite\",\"item\":\"https:\\\/\\\/www.ki-management.com\\\/\"},{\"@type\":\"ListItem\",\"position\":2,\"name\":\"[:de]Das KI.M auf der LAKO FULDA 2019[:]\"}]},{\"@type\":\"WebSite\",\"@id\":\"https:\\\/\\\/www.ki-management.com\\\/#website\",\"url\":\"https:\\\/\\\/www.ki-management.com\\\/\",\"name\":\"K\u00f6lner Institut f\u00fcr Managementberatung\",\"description\":\"\",\"publisher\":{\"@id\":\"https:\\\/\\\/www.ki-management.com\\\/#organization\"},\"potentialAction\":[{\"@type\":\"SearchAction\",\"target\":{\"@type\":\"EntryPoint\",\"urlTemplate\":\"https:\\\/\\\/www.ki-management.com\\\/?s={search_term_string}\"},\"query-input\":{\"@type\":\"PropertyValueSpecification\",\"valueRequired\":true,\"valueName\":\"search_term_string\"}}],\"inLanguage\":\"en-US\"},{\"@type\":\"Organization\",\"@id\":\"https:\\\/\\\/www.ki-management.com\\\/#organization\",\"name\":\"K\u00f6lner Institut f\u00fcr Managementberatung\",\"url\":\"https:\\\/\\\/www.ki-management.com\\\/\",\"logo\":{\"@type\":\"ImageObject\",\"inLanguage\":\"en-US\",\"@id\":\"https:\\\/\\\/www.ki-management.com\\\/#\\\/schema\\\/logo\\\/image\\\/\",\"url\":\"https:\\\/\\\/www.ki-management.com\\\/wp-content\\\/uploads\\\/2025\\\/05\\\/K.I.M_Logo_pos.svg\",\"contentUrl\":\"https:\\\/\\\/www.ki-management.com\\\/wp-content\\\/uploads\\\/2025\\\/05\\\/K.I.M_Logo_pos.svg\",\"width\":100,\"height\":100,\"caption\":\"K\u00f6lner Institut f\u00fcr Managementberatung\"},\"image\":{\"@id\":\"https:\\\/\\\/www.ki-management.com\\\/#\\\/schema\\\/logo\\\/image\\\/\"}},{\"@type\":\"Person\",\"@id\":\"https:\\\/\\\/www.ki-management.com\\\/#\\\/schema\\\/person\\\/01147fff2b1f7eb8c15ab402c0cb8b1d\",\"name\":\"Kim Johannsen\",\"description\":\"E-Mail: kim.johannsen@moveup.de Telefon: +49 123 456789\",\"url\":\"https:\\\/\\\/www.ki-management.com\\\/en\\\/author\\\/k-johannsen\\\/\"}]}<\/script>\n<!-- \/ Yoast SEO plugin. -->","yoast_head_json":{"title":"[:de]Das KI.M auf der LAKO FULDA 2019[:] - K\u00f6lner Institut f\u00fcr Managementberatung","robots":{"index":"index","follow":"follow","max-snippet":"max-snippet:-1","max-image-preview":"max-image-preview:large","max-video-preview":"max-video-preview:-1"},"canonical":"https:\/\/www.ki-management.com\/en\/510\/das-ki-m-auf-der-lako-fulda-2019\/","og_locale":"en_US","og_type":"article","og_title":"[:de]Das KI.M auf der LAKO FULDA 2019[:] - K\u00f6lner Institut f\u00fcr Managementberatung","og_description":"[:de] Inspirierender Austausch mit den Wirtschaftsjunioren Hessen Vom 14. bis zum 16. Juni 2019 fand die Landeskonferenz der Wirtschaftsjunioren Hessen \u2013 kurz LAKO FULDA 2019 \u2013 im sch\u00f6nen Fulda statt. Unter dem Motto \u201eWirtschaftsjunioren am Puls der Zeit\u201c diskutierten mehr als 400 Teilnehmer dar\u00fcber, wie man die bew\u00e4hrten Tugenden des Unternehmertums mit neuem und modernem ... Weiterlesen ...","og_url":"https:\/\/www.ki-management.com\/en\/510\/das-ki-m-auf-der-lako-fulda-2019\/","og_site_name":"K\u00f6lner Institut f\u00fcr Managementberatung","article_published_time":"2019-07-02T13:49:59+00:00","og_image":[{"width":2400,"height":1126,"url":"https:\/\/www.ki-management.com\/wp-content\/uploads\/2019\/07\/Header_Lako-Fulda_KB_2019-06-21.jpg","type":"image\/jpeg"}],"author":"Kim Johannsen","twitter_card":"summary_large_image","twitter_misc":{"Written by":"Kim Johannsen","Est. reading time":"2 minutes"},"schema":{"@context":"https:\/\/schema.org","@graph":[{"@type":"Article","@id":"https:\/\/www.ki-management.com\/510\/das-ki-m-auf-der-lako-fulda-2019\/#article","isPartOf":{"@id":"https:\/\/www.ki-management.com\/510\/das-ki-m-auf-der-lako-fulda-2019\/"},"author":{"name":"Kim Johannsen","@id":"https:\/\/www.ki-management.com\/#\/schema\/person\/01147fff2b1f7eb8c15ab402c0cb8b1d"},"headline":"[:de]Das KI.M auf der LAKO FULDA 2019[:]","datePublished":"2019-07-02T13:49:59+00:00","mainEntityOfPage":{"@id":"https:\/\/www.ki-management.com\/510\/das-ki-m-auf-der-lako-fulda-2019\/"},"wordCount":369,"commentCount":0,"publisher":{"@id":"https:\/\/www.ki-management.com\/#organization"},"image":{"@id":"https:\/\/www.ki-management.com\/510\/das-ki-m-auf-der-lako-fulda-2019\/#primaryimage"},"thumbnailUrl":"https:\/\/www.ki-management.com\/wp-content\/uploads\/2019\/07\/Header_Lako-Fulda_KB_2019-06-21.jpg","keywords":["LAKO FULDA","Mitarbeitermotivation","Selbstbestimmung","Workshop"],"articleSection":["intelligent","news"],"inLanguage":"en-US","potentialAction":[{"@type":"CommentAction","name":"Comment","target":["https:\/\/www.ki-management.com\/510\/das-ki-m-auf-der-lako-fulda-2019\/#respond"]}]},{"@type":"WebPage","@id":"https:\/\/www.ki-management.com\/510\/das-ki-m-auf-der-lako-fulda-2019\/","url":"https:\/\/www.ki-management.com\/510\/das-ki-m-auf-der-lako-fulda-2019\/","name":"[:de]Das KI.M auf der LAKO FULDA 2019[:] - K\u00f6lner Institut f\u00fcr Managementberatung","isPartOf":{"@id":"https:\/\/www.ki-management.com\/#website"},"primaryImageOfPage":{"@id":"https:\/\/www.ki-management.com\/510\/das-ki-m-auf-der-lako-fulda-2019\/#primaryimage"},"image":{"@id":"https:\/\/www.ki-management.com\/510\/das-ki-m-auf-der-lako-fulda-2019\/#primaryimage"},"thumbnailUrl":"https:\/\/www.ki-management.com\/wp-content\/uploads\/2019\/07\/Header_Lako-Fulda_KB_2019-06-21.jpg","datePublished":"2019-07-02T13:49:59+00:00","breadcrumb":{"@id":"https:\/\/www.ki-management.com\/510\/das-ki-m-auf-der-lako-fulda-2019\/#breadcrumb"},"inLanguage":"en-US","potentialAction":[{"@type":"ReadAction","target":["https:\/\/www.ki-management.com\/510\/das-ki-m-auf-der-lako-fulda-2019\/"]}]},{"@type":"ImageObject","inLanguage":"en-US","@id":"https:\/\/www.ki-management.com\/510\/das-ki-m-auf-der-lako-fulda-2019\/#primaryimage","url":"https:\/\/www.ki-management.com\/wp-content\/uploads\/2019\/07\/Header_Lako-Fulda_KB_2019-06-21.jpg","contentUrl":"https:\/\/www.ki-management.com\/wp-content\/uploads\/2019\/07\/Header_Lako-Fulda_KB_2019-06-21.jpg","width":2400,"height":1126},{"@type":"BreadcrumbList","@id":"https:\/\/www.ki-management.com\/510\/das-ki-m-auf-der-lako-fulda-2019\/#breadcrumb","itemListElement":[{"@type":"ListItem","position":1,"name":"Startseite","item":"https:\/\/www.ki-management.com\/"},{"@type":"ListItem","position":2,"name":"[:de]Das KI.M auf der LAKO FULDA 2019[:]"}]},{"@type":"WebSite","@id":"https:\/\/www.ki-management.com\/#website","url":"https:\/\/www.ki-management.com\/","name":"Cologne Institute for Management Consulting","description":"","publisher":{"@id":"https:\/\/www.ki-management.com\/#organization"},"potentialAction":[{"@type":"SearchAction","target":{"@type":"EntryPoint","urlTemplate":"https:\/\/www.ki-management.com\/?s={search_term_string}"},"query-input":{"@type":"PropertyValueSpecification","valueRequired":true,"valueName":"search_term_string"}}],"inLanguage":"en-US"},{"@type":"Organization","@id":"https:\/\/www.ki-management.com\/#organization","name":"Cologne Institute for Management Consulting","url":"https:\/\/www.ki-management.com\/","logo":{"@type":"ImageObject","inLanguage":"en-US","@id":"https:\/\/www.ki-management.com\/#\/schema\/logo\/image\/","url":"https:\/\/www.ki-management.com\/wp-content\/uploads\/2025\/05\/K.I.M_Logo_pos.svg","contentUrl":"https:\/\/www.ki-management.com\/wp-content\/uploads\/2025\/05\/K.I.M_Logo_pos.svg","width":100,"height":100,"caption":"K\u00f6lner Institut f\u00fcr Managementberatung"},"image":{"@id":"https:\/\/www.ki-management.com\/#\/schema\/logo\/image\/"}},{"@type":"Person","@id":"https:\/\/www.ki-management.com\/#\/schema\/person\/01147fff2b1f7eb8c15ab402c0cb8b1d","name":"Kim Johannsen","description":"E-Mail: kim.johannsen@moveup.de Telefon: +49 123 456789","url":"https:\/\/www.ki-management.com\/en\/author\/k-johannsen\/"}]}},"spectra_custom_meta":{"wp_statistics_words_count":["339"],"_edit_last":["2"],"_thumbnail_id":["787"],"_yoast_wpseo_content_score":["60"],"_yoast_wpseo_primary_category":["1"],"_wp_old_date":["2019-07-01"],"_uag_css_file_name":["uag-css-510.css"]},"uagb_featured_image_src":{"full":["https:\/\/www.ki-management.com\/wp-content\/uploads\/2019\/07\/Header_Lako-Fulda_KB_2019-06-21.jpg",2400,1126,false],"thumbnail":["https:\/\/www.ki-management.com\/wp-content\/uploads\/2019\/07\/Header_Lako-Fulda_KB_2019-06-21-150x150.jpg",150,150,true],"medium":["https:\/\/www.ki-management.com\/wp-content\/uploads\/2019\/07\/Header_Lako-Fulda_KB_2019-06-21-300x141.jpg",300,141,true],"medium_large":["https:\/\/www.ki-management.com\/wp-content\/uploads\/2019\/07\/Header_Lako-Fulda_KB_2019-06-21-768x360.jpg",768,360,true],"large":["https:\/\/www.ki-management.com\/wp-content\/uploads\/2019\/07\/Header_Lako-Fulda_KB_2019-06-21-1024x480.jpg",1024,480,true],"1536x1536":["https:\/\/www.ki-management.com\/wp-content\/uploads\/2019\/07\/Header_Lako-Fulda_KB_2019-06-21-1536x721.jpg",1536,721,true],"2048x2048":["https:\/\/www.ki-management.com\/wp-content\/uploads\/2019\/07\/Header_Lako-Fulda_KB_2019-06-21-2048x961.jpg",2048,961,true],"trp-custom-language-flag":["https:\/\/www.ki-management.com\/wp-content\/uploads\/2019\/07\/Header_Lako-Fulda_KB_2019-06-21.jpg",18,8,false],"3-2-Thumb":["https:\/\/www.ki-management.com\/wp-content\/uploads\/2019\/07\/Header_Lako-Fulda_KB_2019-06-21-640x480.jpg",640,480,true],"SquareThumb":["https:\/\/www.ki-management.com\/wp-content\/uploads\/2019\/07\/Header_Lako-Fulda_KB_2019-06-21-960x960.jpg",960,960,true],"16-9-Thumb":["https:\/\/www.ki-management.com\/wp-content\/uploads\/2019\/07\/Header_Lako-Fulda_KB_2019-06-21-960x540.jpg",960,540,true],"SquareBig":["https:\/\/www.ki-management.com\/wp-content\/uploads\/2019\/07\/Header_Lako-Fulda_KB_2019-06-21-1920x1126.jpg",1920,1126,true],"16-9-Big":["https:\/\/www.ki-management.com\/wp-content\/uploads\/2019\/07\/Header_Lako-Fulda_KB_2019-06-21-1980x1080.jpg",1980,1080,true]},"uagb_author_info":{"display_name":"Kim Johannsen","author_link":"https:\/\/www.ki-management.com\/en\/author\/k-johannsen\/"},"uagb_comment_info":0,"uagb_excerpt":"[:de] Inspirierender Austausch mit den Wirtschaftsjunioren Hessen Vom 14. bis zum 16. Juni 2019 fand die Landeskonferenz der Wirtschaftsjunioren Hessen \u2013 kurz LAKO FULDA 2019 \u2013 im sch\u00f6nen Fulda statt. Unter dem Motto \u201eWirtschaftsjunioren am Puls der Zeit\u201c diskutierten mehr als 400 Teilnehmer dar\u00fcber, wie man die bew\u00e4hrten Tugenden des Unternehmertums mit neuem und modernem&hellip;","_links":{"self":[{"href":"https:\/\/www.ki-management.com\/en\/wp-json\/wp\/v2\/posts\/510","targetHints":{"allow":["GET"]}}],"collection":[{"href":"https:\/\/www.ki-management.com\/en\/wp-json\/wp\/v2\/posts"}],"about":[{"href":"https:\/\/www.ki-management.com\/en\/wp-json\/wp\/v2\/types\/post"}],"author":[{"embeddable":true,"href":"https:\/\/www.ki-management.com\/en\/wp-json\/wp\/v2\/users\/2"}],"replies":[{"embeddable":true,"href":"https:\/\/www.ki-management.com\/en\/wp-json\/wp\/v2\/comments?post=510"}],"version-history":[{"count":0,"href":"https:\/\/www.ki-management.com\/en\/wp-json\/wp\/v2\/posts\/510\/revisions"}],"wp:featuredmedia":[{"embeddable":true,"href":"https:\/\/www.ki-management.com\/en\/wp-json\/wp\/v2\/media\/787"}],"wp:attachment":[{"href":"https:\/\/www.ki-management.com\/en\/wp-json\/wp\/v2\/media?parent=510"}],"wp:term":[{"taxonomy":"category","embeddable":true,"href":"https:\/\/www.ki-management.com\/en\/wp-json\/wp\/v2\/categories?post=510"},{"taxonomy":"post_tag","embeddable":true,"href":"https:\/\/www.ki-management.com\/en\/wp-json\/wp\/v2\/tags?post=510"}],"curies":[{"name":"wp","href":"https:\/\/api.w.org\/{rel}","templated":true}]}}